{"id":2499,"date":"2026-09-05T10:17:19","date_gmt":"2026-09-05T07:17:19","guid":{"rendered":"https:\/\/rahvuslikkontakt.se\/?p=2499"},"modified":"2026-09-05T10:18:49","modified_gmt":"2026-09-05T07:18:49","slug":"estniska-kulturskolan-i-stockholm-inleder-sitt-20e-verksamhetsar","status":"publish","type":"post","link":"https:\/\/rahvuslikkontakt.se\/sv\/estniska-kulturskolan-i-stockholm-inleder-sitt-20e-verksamhetsar\/","title":{"rendered":"Estniska Kulturskolan i Stockholm inleder sitt 20:e verksamhets\u00e5r"},"content":{"rendered":"<p><span style=\"font-weight: 400;\">P\u00e5 s\u00f6ndagar, n\u00e4r Estniska f\u00f6rskolan i Stockholm h\u00e5ller st\u00e4ngt, verkar Kulturskolan i dess lokaler. Barnen \u00e4r indelade i tv\u00e5 \u00e5ldersgrupper: de allra minsta (0-3 \u00e5r) och sm\u00e5barnen (4-7 \u00e5r). Medan den ena gruppen har s\u00e5nglektion, \u00e4gnar sig den andra gruppen \u00e5t skapande verksamhet som handarbete och pyssel. D\u00e4refter byter de plats. I verkligheten g\u00e5r det dock inte alltid att dela upp barnen exakt efter \u00e5lder eftersom det i m\u00e5nga familjer finns syskon i olika \u00e5ldrar och d\u00e5 deltar ofta hela familjen i samma grupp.<\/span><\/p>\n<p><span style=\"font-weight: 400;\">Efter de tv\u00e5 f\u00f6rsta lektionerna bjuds barnen p\u00e5 frukt och kaf\u00e9et \u00f6ppnar. I kaf\u00e9et\u00a0 s\u00e4ljs f\u00e4rska sillsm\u00f6rg\u00e5sar och nybakade kanelbullar som tillagas p\u00e5 plats i f\u00f6rskolans k\u00f6k. Kaf\u00e9et\u00a0 \u00e4r en viktig m\u00f6tesplats f\u00f6r att hitta nya\u00a0 v\u00e4nner och njuta av s\u00f6ndagens s\u00f6ta dofter och smaker av kanelbullar. Efter fikapausen \u00e4r det dags f\u00f6r en spr\u00e5kstund d\u00e4r man l\u00e4ser b\u00f6cker tillsammans och leker olika spr\u00e5klekar. Naturligtvis \u00e4r allt helt frivilligt och sker p\u00e5 ett fritt och\u00a0 lekfullt s\u00e4tt. Det stora rummet p\u00e5 f\u00f6rskolan \u00e4r en utm\u00e4rkt plats f\u00f6r att \u00f6va p\u00e5 estniska genom lek.\u00a0\u00a0<\/span><\/p>\n<p><span style=\"font-weight: 400;\">H\u00f6stterminens festligaste h\u00e4ndelse \u00e4r julfesten d\u00e4r jultomten kommer p\u00e5 bes\u00f6k. Under v\u00e5rterminen h\u00e5lls en v\u00e5rfest bland bj\u00f6rkar och gullvivor. En viktig h\u00e4ndelse \u00e4r ocks\u00e5 h\u00f6gtidligh\u00e5llandet av Republiken Estlands sj\u00e4lvst\u00e4ndighetsdag, d\u00e4r Kulturskolans elever alltid upptr\u00e4der. Vi firar \u00e4ven modersm\u00e5lsdagen, fettisdagen samt Mardi- och Kadridagarna.<\/span><\/p>\n<p><span style=\"font-weight: 400;\">Under det g\u00e5ngna l\u00e4s\u00e5ret deltog 60 elever i Kulturskolan. I m\u00e5nga familjer anv\u00e4nds dagligen tre eller till och med fyra spr\u00e5k hemmavid. F\u00f6r dem \u00e4r den andra f\u00f6r\u00e4lderns modersm\u00e5l lika viktigt som estniskan \u2013 vare sig det handlar om portugisiska, spanska, serbiska, kroatiska, armeniska, lettiska, holl\u00e4ndska, engelska eller f\u00f6rst\u00e5s svenska. De l\u00e4ngsta resorna till Kulturskolan gjordes av en familj fr\u00e5n V\u00e4ster\u00e5s.<\/span><\/p>\n<p><span style=\"font-weight: 400;\">En viktig del av Kulturskolans verksamhet \u00e4r sommarkollot som arrangeras varje sommar under 12 dagar p\u00e5 l\u00e4gerg\u00e5rden Metsakodu i n\u00e4rheten av J\u00f6nk\u00f6ping. Det \u00e4r ett intensivt spr\u00e5k- och kulturl\u00e4ger mitt i naturen.<\/span><\/p>\n<p><span style=\"font-weight: 400;\">Varje l\u00e4gerdag \u00e4r speciell, \u00e4ven om dagsprogrammet \u00e4r fastst\u00e4llt. Maten \u00e4r god \u2013 och serveras hela fyra g\u00e5nger om dagen. Dagarna fylls med sport, vandringar, teater, s\u00e5ng vid l\u00e4gerelden, bastubad och lek med kompisar. Sommarkollot \u00e4r ocks\u00e5\u00a0 ett perfekt tillf\u00e4lle att ta en paus fr\u00e5n sk\u00e4rmar, eftersom telefonerna samlas in f\u00f6r f\u00f6rvaring i b\u00f6rjan av l\u00e4gret. Alla b\u00e4ddar sin egen s\u00e4ng och sk\u00f6ter st\u00e4dningen och ordningen i rummen tillsammans med sina rumskamrater. Det finns gott om m\u00f6jligheter f\u00f6r s\u00e5v\u00e4l personlighetsutveckling som att \u00f6va p\u00e5 sin sj\u00e4lvst\u00e4ndighet under l\u00e4gret.<\/span><\/p>\n<p><span style=\"font-weight: 400;\">Inom Kulturskolans ramar ryms \u00e4ven ett bokcenter, Stockholms Estniska folkdanslag Virvel, Stockholms estniska lutherska f\u00f6rsamlings konfirmationsl\u00e4ger och Ungdomens Folkh\u00f6gskola. Tidigare \u00e5r har vi \u00e4ven haft en dramastudio och s\u00e4llskapsdansklubb. Man kan ordna s\u00e5 m\u00e5nga aktiviteter som det finns drivkraft och engagemang bland ledare och entusiaster.\u00a0<\/span><\/p>\n<p><span style=\"font-weight: 400;\">Vill du engagera dig i Estniska Kulturskolan i Stockholm? Du \u00e4r varmt v\u00e4lkommen!\u00a0<\/span><\/p>\n<p><span style=\"font-weight: 400;\">H\u00f6r g\u00e4rna av dig till oss via<\/span><span style=\"font-weight: 400;\">\u00a0<\/span><a href=\"mailto:estniskakulturskolan@gmail.com\"><span style=\"font-weight: 400;\">estniskakulturskolan@gmail.com<\/span><\/a> <span style=\"font-weight: 400;\"><br \/>\n<\/span><span style=\"font-weight: 400;\">Mer information finns p\u00e5 v\u00e5r webbplats <\/span><a href=\"http:\/\/www.huvikool.se\"><span style=\"font-weight: 400;\">www.huvikool.se<\/span><\/a><span style=\"font-weight: 400;\">\u00a0<\/p>\n<p><\/span><span style=\"font-weight: 400;\">Sirle S\u00f6\u00f6t<br \/>\nf\u00f6rest\u00e5ndare f\u00f6r Kulturskolan<\/span><span style=\"font-weight: 400;\"><br \/>\n<\/span><span style=\"font-weight: 400;\"><br \/>\n\u00d6vers\u00e4ttning till svenska av Roosi Verendel Nyberg<\/span><\/p>\n<p><span style=\"font-weight: 400;\">\u00a0<\/span><\/p>\n","protected":false},"excerpt":{"rendered":"<p>P\u00e5 s\u00f6ndagar, n\u00e4r Estniska f\u00f6rskolan i Stockholm h\u00e5ller st\u00e4ngt, verkar Kulturskolan i dess lokaler. Barnen \u00e4r indelade i tv\u00e5 \u00e5ldersgrupper: de allra minsta (0-3 \u00e5r) och sm\u00e5barnen (4-7 \u00e5r). Medan den ena gruppen har s\u00e5nglektion, \u00e4gnar sig den andra gruppen \u00e5t skapande verksamhet som handarbete och pyssel. D\u00e4refter byter de plats. I verkligheten g\u00e5r det [&hellip;]<\/p>\n","protected":false},"author":2,"featured_media":2496,"comment_status":"open","ping_status":"open","sticky":false,"template":"","format":"standard","meta":{"footnotes":"","_links_to":"","_links_to_target":""},"categories":[32,29],"tags":[],"class_list":["post-2499","post","type-post","status-publish","format-standard","has-post-thumbnail","hentry","category-barn-och-ungdomar","category-sprak"],"yoast_head":"<!-- This site is optimized with the Yoast SEO plugin v23.9 - https:\/\/yoast.com\/wordpress\/plugins\/seo\/ -->\n<title>Estniska Kulturskolan i Stockholm inleder sitt 20:e verksamhets\u00e5r - Rahvuslik Kontakt<\/title>\n<meta name=\"robots\" content=\"index, follow, max-snippet:-1, max-image-preview:large, max-video-preview:-1\" \/>\n<link rel=\"canonical\" href=\"https:\/\/rahvuslikkontakt.se\/sv\/estniska-kulturskolan-i-stockholm-inleder-sitt-20e-verksamhetsar\/\" \/>\n<meta property=\"og:locale\" content=\"sv_SE\" \/>\n<meta property=\"og:type\" content=\"article\" \/>\n<meta property=\"og:title\" content=\"Estniska Kulturskolan i Stockholm inleder sitt 20:e verksamhets\u00e5r - Rahvuslik Kontakt\" \/>\n<meta property=\"og:description\" content=\"P\u00e5 s\u00f6ndagar, n\u00e4r Estniska f\u00f6rskolan i Stockholm h\u00e5ller st\u00e4ngt, verkar Kulturskolan i dess lokaler. Barnen \u00e4r indelade i tv\u00e5 \u00e5ldersgrupper: de allra minsta (0-3 \u00e5r) och sm\u00e5barnen (4-7 \u00e5r). Medan den ena gruppen har s\u00e5nglektion, \u00e4gnar sig den andra gruppen \u00e5t skapande verksamhet som handarbete och pyssel. D\u00e4refter byter de plats. I verkligheten g\u00e5r det [&hellip;]\" \/>\n<meta property=\"og:url\" content=\"https:\/\/rahvuslikkontakt.se\/sv\/estniska-kulturskolan-i-stockholm-inleder-sitt-20e-verksamhetsar\/\" \/>\n<meta property=\"og:site_name\" content=\"Rahvuslik Kontakt\" \/>\n<meta property=\"article:publisher\" content=\"https:\/\/www.facebook.com\/groups\/413926455353238\" \/>\n<meta property=\"article:published_time\" content=\"2026-09-05T07:17:19+00:00\" \/>\n<meta property=\"article:modified_time\" content=\"2026-09-05T07:18:49+00:00\" \/>\n<meta property=\"og:image\" content=\"https:\/\/rahvuslikkontakt.se\/wp-content\/uploads\/2026\/09\/Huvikooli-kevadpidu-scaled.jpg\" \/>\n\t<meta property=\"og:image:width\" content=\"2560\" \/>\n\t<meta property=\"og:image:height\" content=\"1430\" \/>\n\t<meta property=\"og:image:type\" content=\"image\/jpeg\" \/>\n<meta name=\"author\" content=\"Sirle S\u00f6\u00f6t\" \/>\n<meta name=\"twitter:card\" content=\"summary_large_image\" \/>\n<meta name=\"twitter:creator\" content=\"@Sverigeesterna\" \/>\n<meta name=\"twitter:site\" content=\"@Sverigeesterna\" \/>\n<meta name=\"twitter:label1\" content=\"Skriven av\" \/>\n\t<meta name=\"twitter:data1\" content=\"Sirle S\u00f6\u00f6t\" \/>\n\t<meta name=\"twitter:label2\" content=\"Ber\u00e4knad l\u00e4stid\" \/>\n\t<meta name=\"twitter:data2\" content=\"3 minuter\" \/>\n<script type=\"application\/ld+json\" class=\"yoast-schema-graph\">{\"@context\":\"https:\/\/schema.org\",\"@graph\":[{\"@type\":\"Article\",\"@id\":\"https:\/\/rahvuslikkontakt.se\/sv\/estniska-kulturskolan-i-stockholm-inleder-sitt-20e-verksamhetsar\/#article\",\"isPartOf\":{\"@id\":\"https:\/\/rahvuslikkontakt.se\/sv\/estniska-kulturskolan-i-stockholm-inleder-sitt-20e-verksamhetsar\/\"},\"author\":{\"name\":\"Sirle S\u00f6\u00f6t\",\"@id\":\"https:\/\/rahvuslikkontakt.se\/#\/schema\/person\/6e2b8173e6166565167342c3989515b0\"},\"headline\":\"Estniska Kulturskolan i Stockholm inleder sitt 20:e verksamhets\u00e5r\",\"datePublished\":\"2026-09-05T07:17:19+00:00\",\"dateModified\":\"2026-09-05T07:18:49+00:00\",\"mainEntityOfPage\":{\"@id\":\"https:\/\/rahvuslikkontakt.se\/sv\/estniska-kulturskolan-i-stockholm-inleder-sitt-20e-verksamhetsar\/\"},\"wordCount\":607,\"commentCount\":0,\"publisher\":{\"@id\":\"https:\/\/rahvuslikkontakt.se\/#organization\"},\"image\":{\"@id\":\"https:\/\/rahvuslikkontakt.se\/sv\/estniska-kulturskolan-i-stockholm-inleder-sitt-20e-verksamhetsar\/#primaryimage\"},\"thumbnailUrl\":\"https:\/\/rahvuslikkontakt.se\/wp-content\/uploads\/2026\/09\/Huvikooli-kevadpidu-scaled.jpg\",\"articleSection\":[\"Barn och ungdomar\",\"Spr\u00e5k\"],\"inLanguage\":\"sv-SE\",\"potentialAction\":[{\"@type\":\"CommentAction\",\"name\":\"Comment\",\"target\":[\"https:\/\/rahvuslikkontakt.se\/sv\/estniska-kulturskolan-i-stockholm-inleder-sitt-20e-verksamhetsar\/#respond\"]}]},{\"@type\":\"WebPage\",\"@id\":\"https:\/\/rahvuslikkontakt.se\/sv\/estniska-kulturskolan-i-stockholm-inleder-sitt-20e-verksamhetsar\/\",\"url\":\"https:\/\/rahvuslikkontakt.se\/sv\/estniska-kulturskolan-i-stockholm-inleder-sitt-20e-verksamhetsar\/\",\"name\":\"Estniska Kulturskolan i Stockholm inleder sitt 20:e verksamhets\u00e5r - Rahvuslik Kontakt\",\"isPartOf\":{\"@id\":\"https:\/\/rahvuslikkontakt.se\/#website\"},\"primaryImageOfPage\":{\"@id\":\"https:\/\/rahvuslikkontakt.se\/sv\/estniska-kulturskolan-i-stockholm-inleder-sitt-20e-verksamhetsar\/#primaryimage\"},\"image\":{\"@id\":\"https:\/\/rahvuslikkontakt.se\/sv\/estniska-kulturskolan-i-stockholm-inleder-sitt-20e-verksamhetsar\/#primaryimage\"},\"thumbnailUrl\":\"https:\/\/rahvuslikkontakt.se\/wp-content\/uploads\/2026\/09\/Huvikooli-kevadpidu-scaled.jpg\",\"datePublished\":\"2026-09-05T07:17:19+00:00\",\"dateModified\":\"2026-09-05T07:18:49+00:00\",\"breadcrumb\":{\"@id\":\"https:\/\/rahvuslikkontakt.se\/sv\/estniska-kulturskolan-i-stockholm-inleder-sitt-20e-verksamhetsar\/#breadcrumb\"},\"inLanguage\":\"sv-SE\",\"potentialAction\":[{\"@type\":\"ReadAction\",\"target\":[\"https:\/\/rahvuslikkontakt.se\/sv\/estniska-kulturskolan-i-stockholm-inleder-sitt-20e-verksamhetsar\/\"]}]},{\"@type\":\"ImageObject\",\"inLanguage\":\"sv-SE\",\"@id\":\"https:\/\/rahvuslikkontakt.se\/sv\/estniska-kulturskolan-i-stockholm-inleder-sitt-20e-verksamhetsar\/#primaryimage\",\"url\":\"https:\/\/rahvuslikkontakt.se\/wp-content\/uploads\/2026\/09\/Huvikooli-kevadpidu-scaled.jpg\",\"contentUrl\":\"https:\/\/rahvuslikkontakt.se\/wp-content\/uploads\/2026\/09\/Huvikooli-kevadpidu-scaled.jpg\",\"width\":2560,\"height\":1430},{\"@type\":\"BreadcrumbList\",\"@id\":\"https:\/\/rahvuslikkontakt.se\/sv\/estniska-kulturskolan-i-stockholm-inleder-sitt-20e-verksamhetsar\/#breadcrumb\",\"itemListElement\":[{\"@type\":\"ListItem\",\"position\":1,\"name\":\"Home\",\"item\":\"https:\/\/rahvuslikkontakt.se\/sv\/\"},{\"@type\":\"ListItem\",\"position\":2,\"name\":\"Estniska Kulturskolan i Stockholm inleder sitt 20:e verksamhets\u00e5r\"}]},{\"@type\":\"WebSite\",\"@id\":\"https:\/\/rahvuslikkontakt.se\/#website\",\"url\":\"https:\/\/rahvuslikkontakt.se\/\",\"name\":\"Rahvuslik Kontakt\",\"description\":\"\",\"publisher\":{\"@id\":\"https:\/\/rahvuslikkontakt.se\/#organization\"},\"potentialAction\":[{\"@type\":\"SearchAction\",\"target\":{\"@type\":\"EntryPoint\",\"urlTemplate\":\"https:\/\/rahvuslikkontakt.se\/?s={search_term_string}\"},\"query-input\":{\"@type\":\"PropertyValueSpecification\",\"valueRequired\":true,\"valueName\":\"search_term_string\"}}],\"inLanguage\":\"sv-SE\"},{\"@type\":\"Organization\",\"@id\":\"https:\/\/rahvuslikkontakt.se\/#organization\",\"name\":\"Rahvuslik Kontakt\",\"url\":\"https:\/\/rahvuslikkontakt.se\/\",\"logo\":{\"@type\":\"ImageObject\",\"inLanguage\":\"sv-SE\",\"@id\":\"https:\/\/rahvuslikkontakt.se\/#\/schema\/logo\/image\/\",\"url\":\"https:\/\/rahvuslikkontakt.se\/wp-content\/uploads\/2023\/11\/Footer-logo.webp\",\"contentUrl\":\"https:\/\/rahvuslikkontakt.se\/wp-content\/uploads\/2023\/11\/Footer-logo.webp\",\"width\":1200,\"height\":300,\"caption\":\"Rahvuslik Kontakt\"},\"image\":{\"@id\":\"https:\/\/rahvuslikkontakt.se\/#\/schema\/logo\/image\/\"},\"sameAs\":[\"https:\/\/www.facebook.com\/groups\/413926455353238\",\"https:\/\/x.com\/Sverigeesterna\",\"https:\/\/www.instagram.com\/sverigeesterna\/\",\"https:\/\/www.youtube.com\/channel\/UCrx0OUO2vQAEvysvMrwq5xQ\"]},{\"@type\":\"Person\",\"@id\":\"https:\/\/rahvuslikkontakt.se\/#\/schema\/person\/6e2b8173e6166565167342c3989515b0\",\"name\":\"Sirle S\u00f6\u00f6t\",\"image\":{\"@type\":\"ImageObject\",\"inLanguage\":\"sv-SE\",\"@id\":\"https:\/\/rahvuslikkontakt.se\/#\/schema\/person\/image\/\",\"url\":\"https:\/\/secure.gravatar.com\/avatar\/1dc4629246eff67ce471ec7f96c2c43d76f5e34e903b7adc5b95027e372f97c8?s=96&d=mm&r=g\",\"contentUrl\":\"https:\/\/secure.gravatar.com\/avatar\/1dc4629246eff67ce471ec7f96c2c43d76f5e34e903b7adc5b95027e372f97c8?s=96&d=mm&r=g\",\"caption\":\"Sirle S\u00f6\u00f6t\"},\"url\":\"https:\/\/rahvuslikkontakt.se\/sv\/author\/sirle\/\"}]}<\/script>\n<!-- \/ Yoast SEO plugin. -->","yoast_head_json":{"title":"Estniska Kulturskolan i Stockholm inleder sitt 20:e verksamhets\u00e5r - Rahvuslik Kontakt","robots":{"index":"index","follow":"follow","max-snippet":"max-snippet:-1","max-image-preview":"max-image-preview:large","max-video-preview":"max-video-preview:-1"},"canonical":"https:\/\/rahvuslikkontakt.se\/sv\/estniska-kulturskolan-i-stockholm-inleder-sitt-20e-verksamhetsar\/","og_locale":"sv_SE","og_type":"article","og_title":"Estniska Kulturskolan i Stockholm inleder sitt 20:e verksamhets\u00e5r - Rahvuslik Kontakt","og_description":"P\u00e5 s\u00f6ndagar, n\u00e4r Estniska f\u00f6rskolan i Stockholm h\u00e5ller st\u00e4ngt, verkar Kulturskolan i dess lokaler. Barnen \u00e4r indelade i tv\u00e5 \u00e5ldersgrupper: de allra minsta (0-3 \u00e5r) och sm\u00e5barnen (4-7 \u00e5r). Medan den ena gruppen har s\u00e5nglektion, \u00e4gnar sig den andra gruppen \u00e5t skapande verksamhet som handarbete och pyssel. D\u00e4refter byter de plats. I verkligheten g\u00e5r det [&hellip;]","og_url":"https:\/\/rahvuslikkontakt.se\/sv\/estniska-kulturskolan-i-stockholm-inleder-sitt-20e-verksamhetsar\/","og_site_name":"Rahvuslik Kontakt","article_publisher":"https:\/\/www.facebook.com\/groups\/413926455353238","article_published_time":"2026-09-05T07:17:19+00:00","article_modified_time":"2026-09-05T07:18:49+00:00","og_image":[{"width":2560,"height":1430,"url":"https:\/\/rahvuslikkontakt.se\/wp-content\/uploads\/2026\/09\/Huvikooli-kevadpidu-scaled.jpg","type":"image\/jpeg"}],"author":"Sirle S\u00f6\u00f6t","twitter_card":"summary_large_image","twitter_creator":"@Sverigeesterna","twitter_site":"@Sverigeesterna","twitter_misc":{"Skriven av":"Sirle S\u00f6\u00f6t","Ber\u00e4knad l\u00e4stid":"3 minuter"},"schema":{"@context":"https:\/\/schema.org","@graph":[{"@type":"Article","@id":"https:\/\/rahvuslikkontakt.se\/sv\/estniska-kulturskolan-i-stockholm-inleder-sitt-20e-verksamhetsar\/#article","isPartOf":{"@id":"https:\/\/rahvuslikkontakt.se\/sv\/estniska-kulturskolan-i-stockholm-inleder-sitt-20e-verksamhetsar\/"},"author":{"name":"Sirle S\u00f6\u00f6t","@id":"https:\/\/rahvuslikkontakt.se\/#\/schema\/person\/6e2b8173e6166565167342c3989515b0"},"headline":"Estniska Kulturskolan i Stockholm inleder sitt 20:e verksamhets\u00e5r","datePublished":"2026-09-05T07:17:19+00:00","dateModified":"2026-09-05T07:18:49+00:00","mainEntityOfPage":{"@id":"https:\/\/rahvuslikkontakt.se\/sv\/estniska-kulturskolan-i-stockholm-inleder-sitt-20e-verksamhetsar\/"},"wordCount":607,"commentCount":0,"publisher":{"@id":"https:\/\/rahvuslikkontakt.se\/#organization"},"image":{"@id":"https:\/\/rahvuslikkontakt.se\/sv\/estniska-kulturskolan-i-stockholm-inleder-sitt-20e-verksamhetsar\/#primaryimage"},"thumbnailUrl":"https:\/\/rahvuslikkontakt.se\/wp-content\/uploads\/2026\/09\/Huvikooli-kevadpidu-scaled.jpg","articleSection":["Barn och ungdomar","Spr\u00e5k"],"inLanguage":"sv-SE","potentialAction":[{"@type":"CommentAction","name":"Comment","target":["https:\/\/rahvuslikkontakt.se\/sv\/estniska-kulturskolan-i-stockholm-inleder-sitt-20e-verksamhetsar\/#respond"]}]},{"@type":"WebPage","@id":"https:\/\/rahvuslikkontakt.se\/sv\/estniska-kulturskolan-i-stockholm-inleder-sitt-20e-verksamhetsar\/","url":"https:\/\/rahvuslikkontakt.se\/sv\/estniska-kulturskolan-i-stockholm-inleder-sitt-20e-verksamhetsar\/","name":"Estniska Kulturskolan i Stockholm inleder sitt 20:e verksamhets\u00e5r - Rahvuslik Kontakt","isPartOf":{"@id":"https:\/\/rahvuslikkontakt.se\/#website"},"primaryImageOfPage":{"@id":"https:\/\/rahvuslikkontakt.se\/sv\/estniska-kulturskolan-i-stockholm-inleder-sitt-20e-verksamhetsar\/#primaryimage"},"image":{"@id":"https:\/\/rahvuslikkontakt.se\/sv\/estniska-kulturskolan-i-stockholm-inleder-sitt-20e-verksamhetsar\/#primaryimage"},"thumbnailUrl":"https:\/\/rahvuslikkontakt.se\/wp-content\/uploads\/2026\/09\/Huvikooli-kevadpidu-scaled.jpg","datePublished":"2026-09-05T07:17:19+00:00","dateModified":"2026-09-05T07:18:49+00:00","breadcrumb":{"@id":"https:\/\/rahvuslikkontakt.se\/sv\/estniska-kulturskolan-i-stockholm-inleder-sitt-20e-verksamhetsar\/#breadcrumb"},"inLanguage":"sv-SE","potentialAction":[{"@type":"ReadAction","target":["https:\/\/rahvuslikkontakt.se\/sv\/estniska-kulturskolan-i-stockholm-inleder-sitt-20e-verksamhetsar\/"]}]},{"@type":"ImageObject","inLanguage":"sv-SE","@id":"https:\/\/rahvuslikkontakt.se\/sv\/estniska-kulturskolan-i-stockholm-inleder-sitt-20e-verksamhetsar\/#primaryimage","url":"https:\/\/rahvuslikkontakt.se\/wp-content\/uploads\/2026\/09\/Huvikooli-kevadpidu-scaled.jpg","contentUrl":"https:\/\/rahvuslikkontakt.se\/wp-content\/uploads\/2026\/09\/Huvikooli-kevadpidu-scaled.jpg","width":2560,"height":1430},{"@type":"BreadcrumbList","@id":"https:\/\/rahvuslikkontakt.se\/sv\/estniska-kulturskolan-i-stockholm-inleder-sitt-20e-verksamhetsar\/#breadcrumb","itemListElement":[{"@type":"ListItem","position":1,"name":"Home","item":"https:\/\/rahvuslikkontakt.se\/sv\/"},{"@type":"ListItem","position":2,"name":"Estniska Kulturskolan i Stockholm inleder sitt 20:e verksamhets\u00e5r"}]},{"@type":"WebSite","@id":"https:\/\/rahvuslikkontakt.se\/#website","url":"https:\/\/rahvuslikkontakt.se\/","name":"Rahvuslik Kontakt","description":"","publisher":{"@id":"https:\/\/rahvuslikkontakt.se\/#organization"},"potentialAction":[{"@type":"SearchAction","target":{"@type":"EntryPoint","urlTemplate":"https:\/\/rahvuslikkontakt.se\/?s={search_term_string}"},"query-input":{"@type":"PropertyValueSpecification","valueRequired":true,"valueName":"search_term_string"}}],"inLanguage":"sv-SE"},{"@type":"Organization","@id":"https:\/\/rahvuslikkontakt.se\/#organization","name":"Rahvuslik Kontakt","url":"https:\/\/rahvuslikkontakt.se\/","logo":{"@type":"ImageObject","inLanguage":"sv-SE","@id":"https:\/\/rahvuslikkontakt.se\/#\/schema\/logo\/image\/","url":"https:\/\/rahvuslikkontakt.se\/wp-content\/uploads\/2023\/11\/Footer-logo.webp","contentUrl":"https:\/\/rahvuslikkontakt.se\/wp-content\/uploads\/2023\/11\/Footer-logo.webp","width":1200,"height":300,"caption":"Rahvuslik Kontakt"},"image":{"@id":"https:\/\/rahvuslikkontakt.se\/#\/schema\/logo\/image\/"},"sameAs":["https:\/\/www.facebook.com\/groups\/413926455353238","https:\/\/x.com\/Sverigeesterna","https:\/\/www.instagram.com\/sverigeesterna\/","https:\/\/www.youtube.com\/channel\/UCrx0OUO2vQAEvysvMrwq5xQ"]},{"@type":"Person","@id":"https:\/\/rahvuslikkontakt.se\/#\/schema\/person\/6e2b8173e6166565167342c3989515b0","name":"Sirle S\u00f6\u00f6t","image":{"@type":"ImageObject","inLanguage":"sv-SE","@id":"https:\/\/rahvuslikkontakt.se\/#\/schema\/person\/image\/","url":"https:\/\/secure.gravatar.com\/avatar\/1dc4629246eff67ce471ec7f96c2c43d76f5e34e903b7adc5b95027e372f97c8?s=96&d=mm&r=g","contentUrl":"https:\/\/secure.gravatar.com\/avatar\/1dc4629246eff67ce471ec7f96c2c43d76f5e34e903b7adc5b95027e372f97c8?s=96&d=mm&r=g","caption":"Sirle S\u00f6\u00f6t"},"url":"https:\/\/rahvuslikkontakt.se\/sv\/author\/sirle\/"}]}},"_links":{"self":[{"href":"https:\/\/rahvuslikkontakt.se\/sv\/wp-json\/wp\/v2\/posts\/2499","targetHints":{"allow":["GET"]}}],"collection":[{"href":"https:\/\/rahvuslikkontakt.se\/sv\/wp-json\/wp\/v2\/posts"}],"about":[{"href":"https:\/\/rahvuslikkontakt.se\/sv\/wp-json\/wp\/v2\/types\/post"}],"author":[{"embeddable":true,"href":"https:\/\/rahvuslikkontakt.se\/sv\/wp-json\/wp\/v2\/users\/2"}],"replies":[{"embeddable":true,"href":"https:\/\/rahvuslikkontakt.se\/sv\/wp-json\/wp\/v2\/comments?post=2499"}],"version-history":[{"count":1,"href":"https:\/\/rahvuslikkontakt.se\/sv\/wp-json\/wp\/v2\/posts\/2499\/revisions"}],"predecessor-version":[{"id":2500,"href":"https:\/\/rahvuslikkontakt.se\/sv\/wp-json\/wp\/v2\/posts\/2499\/revisions\/2500"}],"wp:featuredmedia":[{"embeddable":true,"href":"https:\/\/rahvuslikkontakt.se\/sv\/wp-json\/wp\/v2\/media\/2496"}],"wp:attachment":[{"href":"https:\/\/rahvuslikkontakt.se\/sv\/wp-json\/wp\/v2\/media?parent=2499"}],"wp:term":[{"taxonomy":"category","embeddable":true,"href":"https:\/\/rahvuslikkontakt.se\/sv\/wp-json\/wp\/v2\/categories?post=2499"},{"taxonomy":"post_tag","embeddable":true,"href":"https:\/\/rahvuslikkontakt.se\/sv\/wp-json\/wp\/v2\/tags?post=2499"}],"curies":[{"name":"wp","href":"https:\/\/api.w.org\/{rel}","templated":true}]}}