{"id":2382,"date":"2026-04-30T16:51:33","date_gmt":"2026-04-30T13:51:33","guid":{"rendered":"https:\/\/rahvuslikkontakt.se\/2026-rel-kultuuriauhinna-palvis-sofia-joons\/"},"modified":"2026-04-30T21:30:36","modified_gmt":"2026-04-30T18:30:36","slug":"2026-rel-kultuuriauhinna-palvis-sofia-joons","status":"publish","type":"post","link":"https:\/\/rahvuslikkontakt.se\/sv\/2026-rel-kultuuriauhinna-palvis-sofia-joons\/","title":{"rendered":"Sverigeesternas Riksf\u00f6rbunds kulturpris 2026"},"content":{"rendered":"<p style=\"text-align: center;\"><strong>Sverigeesternas Riksf\u00f6rbunds kulturpris 2026<\/strong><br \/>\ntilldelas<br \/>\n<strong>Sofia Joons<br \/>\n<\/strong>f\u00f6r hennes l\u00e5ngvariga och konsekventa arbete <br \/>\nmed att bevara den estlandssvenska och <br \/>\nSvensk-estnisk kulturtradition levande.<\/p>\n<p style=\"text-align: center;\">\u00a021 februari 2026, Stockholm<\/p>\n<p style=\"text-align: center;\">Kulturprisjuryn f\u00f6r Sverigeesternas Riksf\u00f6rbund:<br \/>\nJaan Seim<br \/>\nMango Kask<br \/>\nPeeter P\u00fctsep<br \/>\nAili Salve<br \/>\nMarje Tui<\/p>\n<p data-start=\"537\" data-end=\"831\">Kulturprisjuryn f\u00f6r Sverigeesternas Riksf\u00f6rbund\u00a0har beslutat att tilldela 2026 \u00e5rs kulturpris p\u00e5 10 000 kronor till <span class=\"hover:entity-accent entity-underline inline cursor-pointer align-baseline\"><span class=\"whitespace-normal\">Sofia Joons<\/span><\/span> f\u00f6r hennes l\u00e5ngvariga och konsekventa arbete med att bevara den estlandssvenska och svensk-estniska kulturtraditionen levande.<\/p>\n<p data-start=\"833\" data-end=\"1463\"><span class=\"hover:entity-accent entity-underline inline cursor-pointer align-baseline\"><span class=\"whitespace-normal\">Sofia Joons<\/span><\/span> \u00e4r f\u00f6dd 1972 i Sverige, i Sandared. Hennes livs-, utbildnings- och yrkesbana har formats i gr\u00e4nslandet mellan den svenska och estniska kultursf\u00e4ren. Hon fick sin grundl\u00e4ggande musikutbildning i Sverige och sin h\u00f6gre utbildning vid <span class=\"hover:entity-accent entity-underline inline cursor-pointer align-baseline\"><span class=\"whitespace-normal\">Tartu \u00dclikooli Viljandi kultuuriakadeemia<\/span><\/span>. Vid <span class=\"hover:entity-accent entity-underline inline cursor-pointer align-baseline\"><span class=\"whitespace-normal\">Eesti Humanitaarinstituut<\/span><\/span> avlade hon kandidat- och magisterexamen i sociologi. \u00c5r 2024 disputerade hon vid <span class=\"hover:entity-accent entity-underline inline cursor-pointer align-baseline\"><span class=\"whitespace-normal\">\u00c5bo Akademi<\/span><\/span> i musikvetenskap med avhandlingen <em data-start=\"1344\" data-end=\"1462\">\u201cDe var fr\u00e4mlingar och dock fr\u00e4nder\u201d \u2013 den estlandssvenska identitetens framv\u00e4xt fr\u00e5n b\u00f6rjan av 1900-talet till idag<\/em>.<\/p>\n<p data-start=\"1465\" data-end=\"2013\">Hela Sofias livsverk har kretsat kring sambandet mellan folkmusik, kultur och identitet. Hon har f\u00f6renat forskning, undervisning, kulturledning och verksamhet som musiker. \u00c5ren 2007\u20132013 ledde hon August Pulst-skolan i Viljandi vid <span class=\"hover:entity-accent entity-underline inline cursor-pointer align-baseline\"><span class=\"whitespace-normal\">Eesti P\u00e4rimusmuusika Keskus<\/span><\/span>. Hon har arbetat som forskare vid <span class=\"hover:entity-accent entity-underline inline cursor-pointer align-baseline\"><span class=\"whitespace-normal\">Tallinna \u00dclikool<\/span><\/span> och deltagit i flera forskningsprojekt vid <span class=\"hover:entity-accent entity-underline inline cursor-pointer align-baseline\"><span class=\"whitespace-normal\">Eesti Humanitaarinstituut<\/span><\/span>, varit lektor vid <span class=\"hover:entity-accent entity-underline inline cursor-pointer align-baseline\"><span class=\"whitespace-normal\">Tartu \u00dclikooli Viljandi kultuuriakadeemia<\/span><\/span> samt musikl\u00e4rare vid <span class=\"hover:entity-accent entity-underline inline cursor-pointer align-baseline\"><span class=\"whitespace-normal\">Vanalinna Hariduskolleegium<\/span><\/span>.<\/p>\n<p data-start=\"2015\" data-end=\"2472\">I Sverige har <span class=\"hover:entity-accent entity-underline inline cursor-pointer align-baseline\"><span class=\"whitespace-normal\">Sofia Joons<\/span><\/span> varit verksam som verksamhetsledare vid <span class=\"hover:entity-accent entity-underline inline cursor-pointer align-baseline\"><span class=\"whitespace-normal\">Riksf\u00f6rbundet f\u00f6r Folkmusik och Dans<\/span><\/span>. Hon har deltagit i r\u00e5det f\u00f6r nationell traditionell musik och dans samt i <span class=\"hover:entity-accent entity-underline inline cursor-pointer align-baseline\"><span class=\"whitespace-normal\">Statens kulturr\u00e5d<\/span><\/span>. I Estland har hon varit medlem och ordf\u00f6rande i <span class=\"hover:entity-accent entity-underline inline cursor-pointer align-baseline\"><span class=\"whitespace-normal\">Estlandssvenska kulturr\u00e5det<\/span><\/span> och \u00e4ven ing\u00e5tt i r\u00e5det f\u00f6r genomf\u00f6randet av UNESCO:s konvention om det immateriella kulturarvet vid Kulturministeriet.<\/p>\n<p data-start=\"2474\" data-end=\"2690\">I b\u00f6rjan av sin musikaliska bana gav Sofia ut skivan <em data-start=\"2527\" data-end=\"2542\">\u201cStrand\u2026Rand\u201d<\/em> med religi\u00f6sa s\u00e5nger p\u00e5 gammal svenska, insamlade p\u00e5 Vormsi. I dag \u00e4r hon k\u00e4nd som violinist och s\u00e5ngare i <span class=\"hover:entity-accent entity-underline inline cursor-pointer align-baseline\"><span class=\"whitespace-normal\">Naised K\u00f6\u00f6gis<\/span><\/span>.<\/p>\n<p data-start=\"2692\" data-end=\"2980\">\u00c5r 2024 var <span class=\"hover:entity-accent entity-underline inline cursor-pointer align-baseline\"><span class=\"whitespace-normal\">Sofia Joons<\/span><\/span> konstn\u00e4rlig ledare f\u00f6r de estlandssvenskarnas s\u00e5ng- och dansfest i Haapsalu. Som en brobyggare \u2013 vilket hennes verksamhet genom \u00e5ren tydligt visar \u2013 bj\u00f6d hon in deltagare inte bara fr\u00e5n estniska k\u00f6rer utan \u00e4ven fr\u00e5n Sverige och Finland.<\/p>\n<p data-start=\"2982\" data-end=\"3161\"><span class=\"hover:entity-accent entity-underline inline cursor-pointer align-baseline\"><span class=\"whitespace-normal\">Sofia Joons<\/span><\/span>s insatser l\u00e4mnar ett djupt avtryck i \u00e5terupplivandet av det estlandssvenska kulturarvet. Hon \u00e4r en av de egna, b\u00e5de f\u00f6r ester och svenskar.<\/p>\n<p>Kulturprisjuryn f\u00f6r Sverigeesternas Riksf\u00f6rbund<br \/>\nMango Kask, Peeter P\u00fctsep, Aili Salve, Jaan Seim, Marje Tui<\/p>\n","protected":false},"excerpt":{"rendered":"<p>Sverigeesternas Riksf\u00f6rbunds kulturpris 2026 tilldelas Sofia Joons f\u00f6r hennes l\u00e5ngvariga och konsekventa arbete med att bevara den estlandssvenska och Svensk-estnisk kulturtradition levande. \u00a021 februari 2026, Stockholm Kulturprisjuryn f\u00f6r Sverigeesternas Riksf\u00f6rbund: Jaan Seim Mango Kask Peeter P\u00fctsep Aili Salve Marje Tui Kulturprisjuryn f\u00f6r Sverigeesternas Riksf\u00f6rbund\u00a0har beslutat att tilldela 2026 \u00e5rs kulturpris p\u00e5 10 000 kronor till [&hellip;]<\/p>\n","protected":false},"author":2,"featured_media":2305,"comment_status":"open","ping_status":"open","sticky":false,"template":"","format":"standard","meta":{"footnotes":"","_links_to":"","_links_to_target":""},"categories":[30,34,27],"tags":[],"class_list":["post-2382","post","type-post","status-publish","format-standard","has-post-thumbnail","hentry","category-kultur","category-person","category-utvalda"],"yoast_head":"<!-- This site is optimized with the Yoast SEO plugin v23.9 - https:\/\/yoast.com\/wordpress\/plugins\/seo\/ -->\n<title>Sverigeesternas Riksf\u00f6rbunds kulturpris 2026 - Rahvuslik Kontakt<\/title>\n<meta name=\"robots\" content=\"index, follow, max-snippet:-1, max-image-preview:large, max-video-preview:-1\" \/>\n<link rel=\"canonical\" href=\"https:\/\/rahvuslikkontakt.se\/sv\/2026-rel-kultuuriauhinna-palvis-sofia-joons\/\" \/>\n<meta property=\"og:locale\" content=\"sv_SE\" \/>\n<meta property=\"og:type\" content=\"article\" \/>\n<meta property=\"og:title\" content=\"Sverigeesternas Riksf\u00f6rbunds kulturpris 2026 - Rahvuslik Kontakt\" \/>\n<meta property=\"og:description\" content=\"Sverigeesternas Riksf\u00f6rbunds kulturpris 2026 tilldelas Sofia Joons f\u00f6r hennes l\u00e5ngvariga och konsekventa arbete med att bevara den estlandssvenska och Svensk-estnisk kulturtradition levande. \u00a021 februari 2026, Stockholm Kulturprisjuryn f\u00f6r Sverigeesternas Riksf\u00f6rbund: Jaan Seim Mango Kask Peeter P\u00fctsep Aili Salve Marje Tui Kulturprisjuryn f\u00f6r Sverigeesternas Riksf\u00f6rbund\u00a0har beslutat att tilldela 2026 \u00e5rs kulturpris p\u00e5 10 000 kronor till [&hellip;]\" \/>\n<meta property=\"og:url\" content=\"https:\/\/rahvuslikkontakt.se\/sv\/2026-rel-kultuuriauhinna-palvis-sofia-joons\/\" \/>\n<meta property=\"og:site_name\" content=\"Rahvuslik Kontakt\" \/>\n<meta property=\"article:publisher\" content=\"https:\/\/www.facebook.com\/groups\/413926455353238\" \/>\n<meta property=\"article:published_time\" content=\"2026-04-30T13:51:33+00:00\" \/>\n<meta property=\"article:modified_time\" content=\"2026-04-30T18:30:36+00:00\" \/>\n<meta property=\"og:image\" content=\"https:\/\/rahvuslikkontakt.se\/wp-content\/uploads\/2026\/03\/Sofia-Joons-hiiu-kandlega.webp\" \/>\n\t<meta property=\"og:image:width\" content=\"2200\" \/>\n\t<meta property=\"og:image:height\" content=\"1604\" \/>\n\t<meta property=\"og:image:type\" content=\"image\/webp\" \/>\n<meta name=\"author\" content=\"Sirle S\u00f6\u00f6t\" \/>\n<meta name=\"twitter:card\" content=\"summary_large_image\" \/>\n<meta name=\"twitter:creator\" content=\"@Sverigeesterna\" \/>\n<meta name=\"twitter:site\" content=\"@Sverigeesterna\" \/>\n<meta name=\"twitter:label1\" content=\"Skriven av\" \/>\n\t<meta name=\"twitter:data1\" content=\"Sirle S\u00f6\u00f6t\" \/>\n\t<meta name=\"twitter:label2\" content=\"Ber\u00e4knad l\u00e4stid\" \/>\n\t<meta name=\"twitter:data2\" content=\"3 minuter\" \/>\n<script type=\"application\/ld+json\" class=\"yoast-schema-graph\">{\"@context\":\"https:\/\/schema.org\",\"@graph\":[{\"@type\":\"Article\",\"@id\":\"https:\/\/rahvuslikkontakt.se\/sv\/2026-rel-kultuuriauhinna-palvis-sofia-joons\/#article\",\"isPartOf\":{\"@id\":\"https:\/\/rahvuslikkontakt.se\/sv\/2026-rel-kultuuriauhinna-palvis-sofia-joons\/\"},\"author\":{\"name\":\"Sirle S\u00f6\u00f6t\",\"@id\":\"https:\/\/rahvuslikkontakt.se\/#\/schema\/person\/6e2b8173e6166565167342c3989515b0\"},\"headline\":\"Sverigeesternas Riksf\u00f6rbunds kulturpris 2026\",\"datePublished\":\"2026-04-30T13:51:33+00:00\",\"dateModified\":\"2026-04-30T18:30:36+00:00\",\"mainEntityOfPage\":{\"@id\":\"https:\/\/rahvuslikkontakt.se\/sv\/2026-rel-kultuuriauhinna-palvis-sofia-joons\/\"},\"wordCount\":429,\"commentCount\":0,\"publisher\":{\"@id\":\"https:\/\/rahvuslikkontakt.se\/#organization\"},\"image\":{\"@id\":\"https:\/\/rahvuslikkontakt.se\/sv\/2026-rel-kultuuriauhinna-palvis-sofia-joons\/#primaryimage\"},\"thumbnailUrl\":\"https:\/\/rahvuslikkontakt.se\/wp-content\/uploads\/2026\/03\/Sofia-Joons-hiiu-kandlega.webp\",\"articleSection\":[\"Kultur\",\"Person\",\"Utvalda\"],\"inLanguage\":\"sv-SE\",\"potentialAction\":[{\"@type\":\"CommentAction\",\"name\":\"Comment\",\"target\":[\"https:\/\/rahvuslikkontakt.se\/sv\/2026-rel-kultuuriauhinna-palvis-sofia-joons\/#respond\"]}]},{\"@type\":\"WebPage\",\"@id\":\"https:\/\/rahvuslikkontakt.se\/sv\/2026-rel-kultuuriauhinna-palvis-sofia-joons\/\",\"url\":\"https:\/\/rahvuslikkontakt.se\/sv\/2026-rel-kultuuriauhinna-palvis-sofia-joons\/\",\"name\":\"Sverigeesternas Riksf\u00f6rbunds kulturpris 2026 - Rahvuslik Kontakt\",\"isPartOf\":{\"@id\":\"https:\/\/rahvuslikkontakt.se\/#website\"},\"primaryImageOfPage\":{\"@id\":\"https:\/\/rahvuslikkontakt.se\/sv\/2026-rel-kultuuriauhinna-palvis-sofia-joons\/#primaryimage\"},\"image\":{\"@id\":\"https:\/\/rahvuslikkontakt.se\/sv\/2026-rel-kultuuriauhinna-palvis-sofia-joons\/#primaryimage\"},\"thumbnailUrl\":\"https:\/\/rahvuslikkontakt.se\/wp-content\/uploads\/2026\/03\/Sofia-Joons-hiiu-kandlega.webp\",\"datePublished\":\"2026-04-30T13:51:33+00:00\",\"dateModified\":\"2026-04-30T18:30:36+00:00\",\"breadcrumb\":{\"@id\":\"https:\/\/rahvuslikkontakt.se\/sv\/2026-rel-kultuuriauhinna-palvis-sofia-joons\/#breadcrumb\"},\"inLanguage\":\"sv-SE\",\"potentialAction\":[{\"@type\":\"ReadAction\",\"target\":[\"https:\/\/rahvuslikkontakt.se\/sv\/2026-rel-kultuuriauhinna-palvis-sofia-joons\/\"]}]},{\"@type\":\"ImageObject\",\"inLanguage\":\"sv-SE\",\"@id\":\"https:\/\/rahvuslikkontakt.se\/sv\/2026-rel-kultuuriauhinna-palvis-sofia-joons\/#primaryimage\",\"url\":\"https:\/\/rahvuslikkontakt.se\/wp-content\/uploads\/2026\/03\/Sofia-Joons-hiiu-kandlega.webp\",\"contentUrl\":\"https:\/\/rahvuslikkontakt.se\/wp-content\/uploads\/2026\/03\/Sofia-Joons-hiiu-kandlega.webp\",\"width\":2200,\"height\":1604},{\"@type\":\"BreadcrumbList\",\"@id\":\"https:\/\/rahvuslikkontakt.se\/sv\/2026-rel-kultuuriauhinna-palvis-sofia-joons\/#breadcrumb\",\"itemListElement\":[{\"@type\":\"ListItem\",\"position\":1,\"name\":\"Home\",\"item\":\"https:\/\/rahvuslikkontakt.se\/sv\/\"},{\"@type\":\"ListItem\",\"position\":2,\"name\":\"Sverigeesternas Riksf\u00f6rbunds kulturpris 2026\"}]},{\"@type\":\"WebSite\",\"@id\":\"https:\/\/rahvuslikkontakt.se\/#website\",\"url\":\"https:\/\/rahvuslikkontakt.se\/\",\"name\":\"Rahvuslik Kontakt\",\"description\":\"\",\"publisher\":{\"@id\":\"https:\/\/rahvuslikkontakt.se\/#organization\"},\"potentialAction\":[{\"@type\":\"SearchAction\",\"target\":{\"@type\":\"EntryPoint\",\"urlTemplate\":\"https:\/\/rahvuslikkontakt.se\/?s={search_term_string}\"},\"query-input\":{\"@type\":\"PropertyValueSpecification\",\"valueRequired\":true,\"valueName\":\"search_term_string\"}}],\"inLanguage\":\"sv-SE\"},{\"@type\":\"Organization\",\"@id\":\"https:\/\/rahvuslikkontakt.se\/#organization\",\"name\":\"Rahvuslik Kontakt\",\"url\":\"https:\/\/rahvuslikkontakt.se\/\",\"logo\":{\"@type\":\"ImageObject\",\"inLanguage\":\"sv-SE\",\"@id\":\"https:\/\/rahvuslikkontakt.se\/#\/schema\/logo\/image\/\",\"url\":\"https:\/\/rahvuslikkontakt.se\/wp-content\/uploads\/2023\/11\/Footer-logo.webp\",\"contentUrl\":\"https:\/\/rahvuslikkontakt.se\/wp-content\/uploads\/2023\/11\/Footer-logo.webp\",\"width\":1200,\"height\":300,\"caption\":\"Rahvuslik Kontakt\"},\"image\":{\"@id\":\"https:\/\/rahvuslikkontakt.se\/#\/schema\/logo\/image\/\"},\"sameAs\":[\"https:\/\/www.facebook.com\/groups\/413926455353238\",\"https:\/\/x.com\/Sverigeesterna\",\"https:\/\/www.instagram.com\/sverigeesterna\/\",\"https:\/\/www.youtube.com\/channel\/UCrx0OUO2vQAEvysvMrwq5xQ\"]},{\"@type\":\"Person\",\"@id\":\"https:\/\/rahvuslikkontakt.se\/#\/schema\/person\/6e2b8173e6166565167342c3989515b0\",\"name\":\"Sirle S\u00f6\u00f6t\",\"image\":{\"@type\":\"ImageObject\",\"inLanguage\":\"sv-SE\",\"@id\":\"https:\/\/rahvuslikkontakt.se\/#\/schema\/person\/image\/\",\"url\":\"https:\/\/secure.gravatar.com\/avatar\/1dc4629246eff67ce471ec7f96c2c43d76f5e34e903b7adc5b95027e372f97c8?s=96&d=mm&r=g\",\"contentUrl\":\"https:\/\/secure.gravatar.com\/avatar\/1dc4629246eff67ce471ec7f96c2c43d76f5e34e903b7adc5b95027e372f97c8?s=96&d=mm&r=g\",\"caption\":\"Sirle S\u00f6\u00f6t\"},\"url\":\"https:\/\/rahvuslikkontakt.se\/sv\/author\/sirle\/\"}]}<\/script>\n<!-- \/ Yoast SEO plugin. -->","yoast_head_json":{"title":"Sverigeesternas Riksf\u00f6rbunds kulturpris 2026 - Rahvuslik Kontakt","robots":{"index":"index","follow":"follow","max-snippet":"max-snippet:-1","max-image-preview":"max-image-preview:large","max-video-preview":"max-video-preview:-1"},"canonical":"https:\/\/rahvuslikkontakt.se\/sv\/2026-rel-kultuuriauhinna-palvis-sofia-joons\/","og_locale":"sv_SE","og_type":"article","og_title":"Sverigeesternas Riksf\u00f6rbunds kulturpris 2026 - Rahvuslik Kontakt","og_description":"Sverigeesternas Riksf\u00f6rbunds kulturpris 2026 tilldelas Sofia Joons f\u00f6r hennes l\u00e5ngvariga och konsekventa arbete med att bevara den estlandssvenska och Svensk-estnisk kulturtradition levande. \u00a021 februari 2026, Stockholm Kulturprisjuryn f\u00f6r Sverigeesternas Riksf\u00f6rbund: Jaan Seim Mango Kask Peeter P\u00fctsep Aili Salve Marje Tui Kulturprisjuryn f\u00f6r Sverigeesternas Riksf\u00f6rbund\u00a0har beslutat att tilldela 2026 \u00e5rs kulturpris p\u00e5 10 000 kronor till [&hellip;]","og_url":"https:\/\/rahvuslikkontakt.se\/sv\/2026-rel-kultuuriauhinna-palvis-sofia-joons\/","og_site_name":"Rahvuslik Kontakt","article_publisher":"https:\/\/www.facebook.com\/groups\/413926455353238","article_published_time":"2026-04-30T13:51:33+00:00","article_modified_time":"2026-04-30T18:30:36+00:00","og_image":[{"width":2200,"height":1604,"url":"https:\/\/rahvuslikkontakt.se\/wp-content\/uploads\/2026\/03\/Sofia-Joons-hiiu-kandlega.webp","type":"image\/webp"}],"author":"Sirle S\u00f6\u00f6t","twitter_card":"summary_large_image","twitter_creator":"@Sverigeesterna","twitter_site":"@Sverigeesterna","twitter_misc":{"Skriven av":"Sirle S\u00f6\u00f6t","Ber\u00e4knad l\u00e4stid":"3 minuter"},"schema":{"@context":"https:\/\/schema.org","@graph":[{"@type":"Article","@id":"https:\/\/rahvuslikkontakt.se\/sv\/2026-rel-kultuuriauhinna-palvis-sofia-joons\/#article","isPartOf":{"@id":"https:\/\/rahvuslikkontakt.se\/sv\/2026-rel-kultuuriauhinna-palvis-sofia-joons\/"},"author":{"name":"Sirle S\u00f6\u00f6t","@id":"https:\/\/rahvuslikkontakt.se\/#\/schema\/person\/6e2b8173e6166565167342c3989515b0"},"headline":"Sverigeesternas Riksf\u00f6rbunds kulturpris 2026","datePublished":"2026-04-30T13:51:33+00:00","dateModified":"2026-04-30T18:30:36+00:00","mainEntityOfPage":{"@id":"https:\/\/rahvuslikkontakt.se\/sv\/2026-rel-kultuuriauhinna-palvis-sofia-joons\/"},"wordCount":429,"commentCount":0,"publisher":{"@id":"https:\/\/rahvuslikkontakt.se\/#organization"},"image":{"@id":"https:\/\/rahvuslikkontakt.se\/sv\/2026-rel-kultuuriauhinna-palvis-sofia-joons\/#primaryimage"},"thumbnailUrl":"https:\/\/rahvuslikkontakt.se\/wp-content\/uploads\/2026\/03\/Sofia-Joons-hiiu-kandlega.webp","articleSection":["Kultur","Person","Utvalda"],"inLanguage":"sv-SE","potentialAction":[{"@type":"CommentAction","name":"Comment","target":["https:\/\/rahvuslikkontakt.se\/sv\/2026-rel-kultuuriauhinna-palvis-sofia-joons\/#respond"]}]},{"@type":"WebPage","@id":"https:\/\/rahvuslikkontakt.se\/sv\/2026-rel-kultuuriauhinna-palvis-sofia-joons\/","url":"https:\/\/rahvuslikkontakt.se\/sv\/2026-rel-kultuuriauhinna-palvis-sofia-joons\/","name":"Sverigeesternas Riksf\u00f6rbunds kulturpris 2026 - Rahvuslik Kontakt","isPartOf":{"@id":"https:\/\/rahvuslikkontakt.se\/#website"},"primaryImageOfPage":{"@id":"https:\/\/rahvuslikkontakt.se\/sv\/2026-rel-kultuuriauhinna-palvis-sofia-joons\/#primaryimage"},"image":{"@id":"https:\/\/rahvuslikkontakt.se\/sv\/2026-rel-kultuuriauhinna-palvis-sofia-joons\/#primaryimage"},"thumbnailUrl":"https:\/\/rahvuslikkontakt.se\/wp-content\/uploads\/2026\/03\/Sofia-Joons-hiiu-kandlega.webp","datePublished":"2026-04-30T13:51:33+00:00","dateModified":"2026-04-30T18:30:36+00:00","breadcrumb":{"@id":"https:\/\/rahvuslikkontakt.se\/sv\/2026-rel-kultuuriauhinna-palvis-sofia-joons\/#breadcrumb"},"inLanguage":"sv-SE","potentialAction":[{"@type":"ReadAction","target":["https:\/\/rahvuslikkontakt.se\/sv\/2026-rel-kultuuriauhinna-palvis-sofia-joons\/"]}]},{"@type":"ImageObject","inLanguage":"sv-SE","@id":"https:\/\/rahvuslikkontakt.se\/sv\/2026-rel-kultuuriauhinna-palvis-sofia-joons\/#primaryimage","url":"https:\/\/rahvuslikkontakt.se\/wp-content\/uploads\/2026\/03\/Sofia-Joons-hiiu-kandlega.webp","contentUrl":"https:\/\/rahvuslikkontakt.se\/wp-content\/uploads\/2026\/03\/Sofia-Joons-hiiu-kandlega.webp","width":2200,"height":1604},{"@type":"BreadcrumbList","@id":"https:\/\/rahvuslikkontakt.se\/sv\/2026-rel-kultuuriauhinna-palvis-sofia-joons\/#breadcrumb","itemListElement":[{"@type":"ListItem","position":1,"name":"Home","item":"https:\/\/rahvuslikkontakt.se\/sv\/"},{"@type":"ListItem","position":2,"name":"Sverigeesternas Riksf\u00f6rbunds kulturpris 2026"}]},{"@type":"WebSite","@id":"https:\/\/rahvuslikkontakt.se\/#website","url":"https:\/\/rahvuslikkontakt.se\/","name":"Rahvuslik Kontakt","description":"","publisher":{"@id":"https:\/\/rahvuslikkontakt.se\/#organization"},"potentialAction":[{"@type":"SearchAction","target":{"@type":"EntryPoint","urlTemplate":"https:\/\/rahvuslikkontakt.se\/?s={search_term_string}"},"query-input":{"@type":"PropertyValueSpecification","valueRequired":true,"valueName":"search_term_string"}}],"inLanguage":"sv-SE"},{"@type":"Organization","@id":"https:\/\/rahvuslikkontakt.se\/#organization","name":"Rahvuslik Kontakt","url":"https:\/\/rahvuslikkontakt.se\/","logo":{"@type":"ImageObject","inLanguage":"sv-SE","@id":"https:\/\/rahvuslikkontakt.se\/#\/schema\/logo\/image\/","url":"https:\/\/rahvuslikkontakt.se\/wp-content\/uploads\/2023\/11\/Footer-logo.webp","contentUrl":"https:\/\/rahvuslikkontakt.se\/wp-content\/uploads\/2023\/11\/Footer-logo.webp","width":1200,"height":300,"caption":"Rahvuslik Kontakt"},"image":{"@id":"https:\/\/rahvuslikkontakt.se\/#\/schema\/logo\/image\/"},"sameAs":["https:\/\/www.facebook.com\/groups\/413926455353238","https:\/\/x.com\/Sverigeesterna","https:\/\/www.instagram.com\/sverigeesterna\/","https:\/\/www.youtube.com\/channel\/UCrx0OUO2vQAEvysvMrwq5xQ"]},{"@type":"Person","@id":"https:\/\/rahvuslikkontakt.se\/#\/schema\/person\/6e2b8173e6166565167342c3989515b0","name":"Sirle S\u00f6\u00f6t","image":{"@type":"ImageObject","inLanguage":"sv-SE","@id":"https:\/\/rahvuslikkontakt.se\/#\/schema\/person\/image\/","url":"https:\/\/secure.gravatar.com\/avatar\/1dc4629246eff67ce471ec7f96c2c43d76f5e34e903b7adc5b95027e372f97c8?s=96&d=mm&r=g","contentUrl":"https:\/\/secure.gravatar.com\/avatar\/1dc4629246eff67ce471ec7f96c2c43d76f5e34e903b7adc5b95027e372f97c8?s=96&d=mm&r=g","caption":"Sirle S\u00f6\u00f6t"},"url":"https:\/\/rahvuslikkontakt.se\/sv\/author\/sirle\/"}]}},"_links":{"self":[{"href":"https:\/\/rahvuslikkontakt.se\/sv\/wp-json\/wp\/v2\/posts\/2382","targetHints":{"allow":["GET"]}}],"collection":[{"href":"https:\/\/rahvuslikkontakt.se\/sv\/wp-json\/wp\/v2\/posts"}],"about":[{"href":"https:\/\/rahvuslikkontakt.se\/sv\/wp-json\/wp\/v2\/types\/post"}],"author":[{"embeddable":true,"href":"https:\/\/rahvuslikkontakt.se\/sv\/wp-json\/wp\/v2\/users\/2"}],"replies":[{"embeddable":true,"href":"https:\/\/rahvuslikkontakt.se\/sv\/wp-json\/wp\/v2\/comments?post=2382"}],"version-history":[{"count":2,"href":"https:\/\/rahvuslikkontakt.se\/sv\/wp-json\/wp\/v2\/posts\/2382\/revisions"}],"predecessor-version":[{"id":2384,"href":"https:\/\/rahvuslikkontakt.se\/sv\/wp-json\/wp\/v2\/posts\/2382\/revisions\/2384"}],"wp:featuredmedia":[{"embeddable":true,"href":"https:\/\/rahvuslikkontakt.se\/sv\/wp-json\/wp\/v2\/media\/2305"}],"wp:attachment":[{"href":"https:\/\/rahvuslikkontakt.se\/sv\/wp-json\/wp\/v2\/media?parent=2382"}],"wp:term":[{"taxonomy":"category","embeddable":true,"href":"https:\/\/rahvuslikkontakt.se\/sv\/wp-json\/wp\/v2\/categories?post=2382"},{"taxonomy":"post_tag","embeddable":true,"href":"https:\/\/rahvuslikkontakt.se\/sv\/wp-json\/wp\/v2\/tags?post=2382"}],"curies":[{"name":"wp","href":"https:\/\/api.w.org\/{rel}","templated":true}]}}