{"id":2316,"date":"2026-03-08T15:09:23","date_gmt":"2026-03-08T13:09:23","guid":{"rendered":"https:\/\/rahvuslikkontakt.se\/?p=2316"},"modified":"2026-05-01T17:12:42","modified_gmt":"2026-05-01T14:12:42","slug":"saatse-stoveln-vardagen-vid-gransen-och-priset-for-sakerheten","status":"publish","type":"post","link":"https:\/\/rahvuslikkontakt.se\/sv\/saatse-stoveln-vardagen-vid-gransen-och-priset-for-sakerheten\/","title":{"rendered":"Saatse-st\u00f6veln  \u2013  vardagen vid gr\u00e4nsen och priset f\u00f6r s\u00e4kerheten"},"content":{"rendered":"<h3>En resa \u00f6ver gr\u00e4nsen till Seto Kungarikets Dag<\/h3>\n<p><span style=\"font-weight: 400;\">F\u00f6r att ta sig till XXXII Seto Kungarikets Dag i Saatse beh\u00f6vde man l\u00e4ngs v\u00e4gen V\u00e4rska\u2013Ulitina vid tv\u00e5 tillf\u00e4llen passera omr\u00e5den som i strid med internationell r\u00e4tt hade fr\u00e5ntagits Republiken Estland och som i dag st\u00e5r under Ryska federationens kontroll \u2013 det vill s\u00e4ga f\u00e4rdas genom den s\u00e5 kallade lilla och stora Saatse-st\u00f6veln, som detta omr\u00e5de kallas i folkmun. Det r\u00f6r sig om en de facto \u201denklav\u201d av ryskt territorium inne i Estland, genom vilken den kortaste v\u00e4gen mellan V\u00e4rska och Saatse under m\u00e5nga \u00e5r gick.<\/span><\/p>\n<p><img loading=\"lazy\" decoding=\"async\" class=\"alignnone wp-image-2257 size-full\" src=\"https:\/\/rahvuslikkontakt.se\/wp-content\/uploads\/2026\/03\/Saatse-saabas-1.jpg\" alt=\"\" width=\"697\" height=\"508\" srcset=\"https:\/\/rahvuslikkontakt.se\/wp-content\/uploads\/2026\/03\/Saatse-saabas-1.jpg 697w, https:\/\/rahvuslikkontakt.se\/wp-content\/uploads\/2026\/03\/Saatse-saabas-1-300x219.jpg 300w, https:\/\/rahvuslikkontakt.se\/wp-content\/uploads\/2026\/03\/Saatse-saabas-1-324x235.jpg 324w\" sizes=\"auto, (max-width: 697px) 100vw, 697px\" \/><\/p>\n<p><span style=\"font-weight: 400;\">Lokalbefolkningen var van vid denna speciella situation. F\u00f6r turister tillf\u00f6rde resan en nervkittlande sp\u00e4nning, men f\u00f6r lokalbefolkningen var det helt enkelt den kortaste och mest f\u00f6rnuftiga v\u00e4gen hem. Samtidigt visste man alltid att man inte fick g\u00f6ra fel p\u00e5 str\u00e4ckan. Polisen varnade upprepade g\u00e5nger g\u00e4sterna: man f\u00e5r inte stanna och inte g\u00e5 ur bilen; man f\u00e5r inte k\u00f6ra in p\u00e5 sidov\u00e4gar. Om fordonet stannade p\u00e5 grund av tekniska sk\u00e4l m\u00e5ste man stanna i bilen och ringa p\u00e5 hj\u00e4lp. Men de som reste till Seto Kungarikets Dag fick r\u00e5det att f\u00f6redra v\u00e4gen Matsuri-Sesnik, som g\u00e5r helt och h\u00e5llet genom estniskt territorium.<\/span><\/p>\n<p><span style=\"font-weight: 400;\">N\u00e4r vi k\u00f6rde till Saatse s\u00e5g vi terr\u00e4ngbilar med ryska registreringsskyltar vid sidan av v\u00e4gen, och uppriktigt sagt m\u00e5dde vi illa d\u00e4rav. Senare visade det sig att polisen och gr\u00e4nsbevakningen l\u00e4nge undvikit att passera Saatse-st\u00f6veln. Av s\u00e4kerhetssk\u00e4l anv\u00e4nde premi\u00e4rministern ocks\u00e5 en annan v\u00e4g n\u00e4r han reste till Kungarikets Dag. \u00c4nd\u00e5 brukade folk fr\u00e5n Lutep\u00e4\u00e4, Sesniki och Saatse \u00e5ka hem varje dag l\u00e4ngs denna v\u00e4g.<\/span><\/p>\n<h3>Slutet p\u00e5 en era<\/h3>\n<p><span style=\"font-weight: 400;\">P\u00e5 kv\u00e4llen den 10 oktober 2025 h\u00e4nde det som man l\u00e4nge befarat. Polis- och gr\u00e4nsbevakningsstyrelsen st\u00e4ngde i enlighet med regeringens beslut passagen genom Saatse-st\u00f6veln, eftersom en ovanligt stor bev\u00e4pnad styrka uppt\u00e4ckts i omr\u00e5det. I det f\u00f6r\u00e4ndrade s\u00e4kerhetsl\u00e4get kunde det tidigare undantaget inte l\u00e4ngre forts\u00e4tta.<\/span><\/p>\n<p><iframe loading=\"lazy\" src=\"\/\/www.youtube.com\/embed\/abs1Vt4Xr6Q?si=StL8jS9DojZQCJqN\" width=\"560\" height=\"314\" allowfullscreen=\"allowfullscreen\"><\/iframe><\/p>\n<p><span style=\"font-weight: 400;\">Det blev slutet p\u00e5 en era. Motorv\u00e4gen var inte bara en f\u00f6rbindelsev\u00e4g utan ocks\u00e5 en symbol \u2013 ett tecken p\u00e5 hur m\u00e4nniskor hade l\u00e4rt sig att leva med en komplicerad historia och vaga gr\u00e4nser. V\u00e4gsp\u00e4rrar, st\u00e4ngsel och f\u00f6rbudsskyltar ers\u00e4tter nu v\u00e4gstr\u00e4ckorna.<\/span><\/p>\n<p><iframe loading=\"lazy\" src=\"\/\/www.youtube.com\/embed\/FL4YmStD1aU?si=Dj9zJs7aAHchcmDg\" width=\"560\" height=\"314\" allowfullscreen=\"allowfullscreen\"><\/iframe><\/p>\n<p><span style=\"font-weight: 400;\">Livet blev betydligt sv\u00e5rare f\u00f6r lokalbefolkningen. De m\u00e5ste k\u00f6ra till arbetet och hem l\u00e4ngs skogsv\u00e4gar som blir leriga och gropiga i regnv\u00e4der. Resan \u00e4r l\u00e4ngre, br\u00e4nslef\u00f6rbrukningen \u00e4r h\u00f6gre och tids\u00e5tg\u00e5ngen \u00e4r m\u00e4rkbart st\u00f6rre. Det \u00e4r inte konstigt att folk undrar varf\u00f6r man bara letar efter l\u00f6sningar n\u00e4r det \u00e4r kris.<\/span><\/p>\n<p><span style=\"font-weight: 400;\">F\u00f6r\u00e4ndringen hade den mest pl\u00e5gsamma effekten p\u00e5 Lutep\u00e4\u00e4borna, som kl\u00e4mdes fast mellan tv\u00e5 &#8221;st\u00f6vlar&#8221;. \u00c4ven om ingen var direkt inst\u00e4ngd, k\u00e4nde m\u00e5nga att deras naturliga r\u00f6relser pl\u00f6tsligt hade hindrats. V\u00e4gen, som f\u00f6rr ofta trafikerades, blev tyst.<\/span><\/p>\n<p><span style=\"font-weight: 400;\"><iframe loading=\"lazy\" src=\"\/\/www.youtube.com\/embed\/vrmVn9gmd_c?si=AMbrSUeWFLapzyrv\" width=\"560\" height=\"314\" allowfullscreen=\"allowfullscreen\"><\/iframe><\/span><span style=\"font-weight: 400;\"><br \/>\n<\/span><span style=\"font-weight: 400;\">Ut\u00f6ver v\u00e4gen passeras Saatse-st\u00f6veln \u00e4ven av en elledning som f\u00f6rser regionen med el. Detta beroende av ryskt territorium har ocks\u00e5 blivit en s\u00e4kerhetsrisk. Om det tidigare varit m\u00f6jligt att utf\u00f6ra underh\u00e5llsarbeten med st\u00f6d av internationellt samarbete \u00e4r det nu inte l\u00e4ngre m\u00f6jligt.<br \/>\n<\/span><\/p>\n<h3>F\u00f6rbifarter och infrastruktur \u2013 en oundviklig omst\u00e4llning<\/h3>\n<p><span style=\"font-weight: 400;\">Estland har p\u00e5b\u00f6rjat \u00e5tg\u00e4rder f\u00f6r att f\u00e5 ett slut p\u00e5 detta beroende en g\u00e5ng f\u00f6r alla. Som tillf\u00e4lliga l\u00f6sningar har skogsv\u00e4gar breddats, omk\u00f6rningsplatser ordnats och ytterligare v\u00e4gskyltar satts upp f\u00f6r s\u00e4kerheten.<\/span><\/p>\n<p><span style=\"font-weight: 400;\">Som en permanent l\u00f6sning kommer nya v\u00e4gar att byggas runt b\u00e5de den lilla och den stora Saatse-k\u00e4ngan. F\u00f6rberedelsen av den lilla st\u00f6velf\u00f6rbifarten p\u00e5g\u00e5r och i fallet med den stora st\u00f6veln \u00e4r m\u00e5let att den nya v\u00e4gen ska vara klar till h\u00f6sten 2026.<\/span><\/p>\n<p><span style=\"font-weight: 400;\">Samtidigt byggs ocks\u00e5 kraftledningar om som g\u00e5r genom ryskt territorium f\u00f6r att s\u00e4kerst\u00e4lla en trygg f\u00f6rs\u00f6rjning i regionen \u00e4ven i en krissituation. Det finns ocks\u00e5 en beredskapsplan om ett avbrott skulle intr\u00e4ffa.<\/span><\/p>\n<p><span style=\"font-weight: 400;\">Huvudtanken med st\u00e4ngningen \u00e4r enkel: Estland m\u00e5ste kunna garantera s\u00e4kerheten f\u00f6r m\u00e4nniskor p\u00e5 sitt territorium och undvika situationer d\u00e4r det inte \u00e4r m\u00f6jligt att reagera snabbt och adekvat i h\u00e4ndelse av en eventuell incident.<\/span><\/p>\n<h3>Varf\u00f6r gr\u00e4nsf\u00f6rdraget \u00e4r viktigt \u2013 den juridiska bakgrunden i korthet<\/h3>\n<p>Saatse-st\u00f6veln \u00e4r ett bra exempel p\u00e5 hur en vardaglig och praktisk fr\u00e5ga \u2013 v\u00e4gen som m\u00e4nniskor r\u00f6r sig p\u00e5 \u2013 \u00e4r relaterad till en mycket bredare och mer grundl\u00e4ggande fr\u00e5ga: nationella gr\u00e4nsers r\u00e4ttsliga status.<\/p>\n<p><span style=\"font-weight: 400;\">F\u00f6r den estniska staten \u00e4r fr\u00e5gan om gr\u00e4nser historiskt och juridiskt mycket k\u00e4nslig. Estlands konstitution bygger p\u00e5 Tartu-freden fr\u00e5n 1920, med vilken den unga republiken Estland fick internationellt erk\u00e4nnande och p\u00e5 grundval av vilket \u00e4ven Estlands \u00f6stra gr\u00e4ns definierades. Enligt grundlagen kan statsgr\u00e4nsen endast \u00e4ndras genom en internationell \u00f6verenskommelse och ett s\u00e5dant beslut beh\u00f6ver tv\u00e5 tredjedelars st\u00f6d i det estniska parlamentet. Detta understryker hur viktig och permanent den nationella gr\u00e4nsen \u00e4r f\u00f6r Estland.<\/span><\/p>\n<p><span style=\"font-weight: 400;\">I praktiken visade sig situationen vara annorlunda efter andra v\u00e4rldskriget. \u00c5r 1944 ockuperade Sovjetunionen Estland och detta f\u00f6ljdes av ensidiga territoriella f\u00f6r\u00e4ndringar, under vilka vissa omr\u00e5den som tillh\u00f6rde Republiken Estland &#8211; inklusive st\u00f6rre delen av Petseri l\u00e4n och regionerna bortom Narva &#8211; slogs samman till det ryska NFSV. Saatse-st\u00f6veln uppstod till f\u00f6ljd av att en rysk bondg\u00e5rd l\u00e5g p\u00e5 Neds\u00e4j\u00e4-sidan av v\u00e4gen. Samtidigt kom ett helt b\u00e4lte av setobyar, bel\u00e4gna mellan v\u00e4gen V\u00e4rska\u2013Saatse och Pskovsj\u00f6n, att hamna inom Ryska federationens gr\u00e4nser. Dessa f\u00f6r\u00e4ndringar genomf\u00f6rdes utan internationella avtal och utan det estniska folkets samtycke.<\/span><\/p>\n<p><span style=\"font-weight: 400;\">F\u00f6r att l\u00f6sa denna mots\u00e4ttning har Estland och Ryssland f\u00f6rs\u00f6kt reglera gr\u00e4nsfr\u00e5gan med bilaterala gr\u00e4nsavtal. Ett avtal undertecknades f\u00f6r f\u00f6rsta g\u00e5ngen 2005, men det tr\u00e4dde inte i kraft eftersom det estniska parlamentet lade till en ingress till ratificeringslagen som h\u00e4nvisade till Tartufredsf\u00f6rdraget och den estniska statens r\u00e4ttsliga kontinuitet. Det var viktigt f\u00f6r Estland, eftersom det bekr\u00e4ftade att Estland inte har skapats &#8221;igen&#8221; 1991, utan \u00e4r samma land som skapades 1918 och ockuperades 1940. Ryssland tolkade dock ingressen som ett m\u00f6jligt territoriellt anspr\u00e5k och ratificerade inte avtalet.<\/span><\/p>\n<p><span style=\"font-weight: 400;\">Gr\u00e4nsavtalet undertecknades igen 2014, denna g\u00e5ng utan den kontroversiella ingressen. Men under tiden hade den internationella s\u00e4kerhetssituationen f\u00f6r\u00e4ndrats avsev\u00e4rt: Ryssland annekterade Krim och startade sin aggression mot Ukraina. I det h\u00e4r l\u00e4get har gr\u00e4nsavtalet inte tr\u00e4tt i kraft \u00e4n i dag, och det finns inget giltigt, bilateralt och r\u00e4ttsligt verkst\u00e4llt gr\u00e4nsavtal mellan Estland och Ryssland \u2013 en situation som \u00e4r exceptionell i EU- och NATO-sammanhang.<\/span><\/p>\n<p><span style=\"font-weight: 400;\">Det var detta lagliga mellanl\u00e4ge som m\u00f6jliggjorde tillf\u00e4lliga n\u00f6dl\u00f6sningar i fallet med Saatse-st\u00f6veln. Under m\u00e5nga \u00e5r fanns det en speciell ordning som gjorde det m\u00f6jligt f\u00f6r estniska fordon att k\u00f6ra genom en v\u00e4gsektion p\u00e5 ryskt territorium, men inte att stanna. I fredstid var det en besv\u00e4rlig men genomf\u00f6rbar kompromiss. Men i det sp\u00e4nda s\u00e4kerhetsl\u00e4get blev det instabilt och riskabelt.<\/span><\/p>\n<h3>En gr\u00e4ns \u00e4r inte bara en linje p\u00e5 en karta<\/h3>\n<p><span style=\"font-weight: 400;\">Att st\u00e4nga Saatse-st\u00f6veln \u00e4r inte bara en fr\u00e5ga om en lokal v\u00e4g. Detta speglar en vidare situation d\u00e4r Estland m\u00e5ste skydda sin och sin befolknings s\u00e4kerhet p\u00e5 ett mer seri\u00f6st s\u00e4tt \u00e4n tidigare. Det handlar om EU:s och NATOs \u00f6stra gr\u00e4ns, d\u00e4r geopolitiska sp\u00e4nningar direkt kan p\u00e5verka m\u00e4nniskors dagliga liv.<\/span><\/p>\n<figure id=\"attachment_2251\" aria-describedby=\"caption-attachment-2251\" style=\"width: 696px\" class=\"wp-caption alignnone\"><img loading=\"lazy\" decoding=\"async\" class=\"wp-image-2251 size-large\" style=\"text-align: center;\" src=\"https:\/\/rahvuslikkontakt.se\/wp-content\/uploads\/2026\/03\/Piir-Saatses-2-Foto-Sirle-Soot-1024x768.jpg\" alt=\"Kontrollinjen i Saatse i juli 2024 Foto: Sirle S\u00f6\u00f6t\" width=\"696\" height=\"522\" srcset=\"https:\/\/rahvuslikkontakt.se\/wp-content\/uploads\/2026\/03\/Piir-Saatses-2-Foto-Sirle-Soot-1024x768.jpg 1024w, https:\/\/rahvuslikkontakt.se\/wp-content\/uploads\/2026\/03\/Piir-Saatses-2-Foto-Sirle-Soot-300x225.jpg 300w, https:\/\/rahvuslikkontakt.se\/wp-content\/uploads\/2026\/03\/Piir-Saatses-2-Foto-Sirle-Soot-768x576.jpg 768w, https:\/\/rahvuslikkontakt.se\/wp-content\/uploads\/2026\/03\/Piir-Saatses-2-Foto-Sirle-Soot-1536x1152.jpg 1536w, https:\/\/rahvuslikkontakt.se\/wp-content\/uploads\/2026\/03\/Piir-Saatses-2-Foto-Sirle-Soot-2048x1536.jpg 2048w, https:\/\/rahvuslikkontakt.se\/wp-content\/uploads\/2026\/03\/Piir-Saatses-2-Foto-Sirle-Soot-80x60.jpg 80w, https:\/\/rahvuslikkontakt.se\/wp-content\/uploads\/2026\/03\/Piir-Saatses-2-Foto-Sirle-Soot-160x120.jpg 160w\" sizes=\"auto, (max-width: 696px) 100vw, 696px\" \/><figcaption id=\"caption-attachment-2251\" class=\"wp-caption-text\">Kontrollinjen i Saatse i juli 2024 Foto: Sirle S\u00f6\u00f6t<\/figcaption><\/figure>\n<p><span style=\"font-weight: 400;\">Fr\u00e5n Sverige kan Saatse-st\u00f6veln tyckas vara ett avl\u00e4gset och tekniskt problem. Men f\u00f6r folket i Setomaa \u00e4r detta en vardaglig verklighet. Den h\u00e4r historien visar hur snabbt vanligt vardagsliv kan f\u00f6rvandlas till geopolitik \u2013 och varf\u00f6r en gr\u00e4ns aldrig bara \u00e4r en linje p\u00e5 en karta f\u00f6r ett litet land.<\/p>\n<p><\/span><\/p>\n<figure id=\"attachment_2253\" aria-describedby=\"caption-attachment-2253\" style=\"width: 696px\" class=\"wp-caption alignnone\"><img loading=\"lazy\" decoding=\"async\" class=\"wp-image-2253 size-large\" style=\"text-align: center;\" src=\"https:\/\/rahvuslikkontakt.se\/wp-content\/uploads\/2026\/03\/Piir-Saatses-Foto-Sirle-Soot-1024x768.jpg\" alt=\"Kontrollinjen i Saatse i juli 2024 Foto: Sirle S\u00f6\u00f6t\" width=\"696\" height=\"522\" srcset=\"https:\/\/rahvuslikkontakt.se\/wp-content\/uploads\/2026\/03\/Piir-Saatses-Foto-Sirle-Soot-1024x768.jpg 1024w, https:\/\/rahvuslikkontakt.se\/wp-content\/uploads\/2026\/03\/Piir-Saatses-Foto-Sirle-Soot-300x225.jpg 300w, https:\/\/rahvuslikkontakt.se\/wp-content\/uploads\/2026\/03\/Piir-Saatses-Foto-Sirle-Soot-768x576.jpg 768w, https:\/\/rahvuslikkontakt.se\/wp-content\/uploads\/2026\/03\/Piir-Saatses-Foto-Sirle-Soot-1536x1152.jpg 1536w, https:\/\/rahvuslikkontakt.se\/wp-content\/uploads\/2026\/03\/Piir-Saatses-Foto-Sirle-Soot-2048x1536.jpg 2048w, https:\/\/rahvuslikkontakt.se\/wp-content\/uploads\/2026\/03\/Piir-Saatses-Foto-Sirle-Soot-80x60.jpg 80w, https:\/\/rahvuslikkontakt.se\/wp-content\/uploads\/2026\/03\/Piir-Saatses-Foto-Sirle-Soot-160x120.jpg 160w\" sizes=\"auto, (max-width: 696px) 100vw, 696px\" \/><figcaption id=\"caption-attachment-2253\" class=\"wp-caption-text\">Kontrollinjen i Saatse i juli 2024 Foto: Sirle S\u00f6\u00f6t<\/figcaption><\/figure>\n<p><iframe loading=\"lazy\" src=\"\/\/www.youtube.com\/embed\/ngfTGV6TZFw?si=M6G03G1EKannkwky\" width=\"560\" height=\"314\" allowfullscreen=\"allowfullscreen\"><\/iframe><\/p>\n","protected":false},"excerpt":{"rendered":"<p>En resa \u00f6ver gr\u00e4nsen till Seto Kungarikets Dag F\u00f6r att ta sig till XXXII Seto Kungarikets Dag i Saatse beh\u00f6vde man l\u00e4ngs v\u00e4gen V\u00e4rska\u2013Ulitina vid tv\u00e5 tillf\u00e4llen passera omr\u00e5den som i strid med internationell r\u00e4tt hade fr\u00e5ntagits Republiken Estland och som i dag st\u00e5r under Ryska federationens kontroll \u2013 det vill s\u00e4ga f\u00e4rdas genom den [&hellip;]<\/p>\n","protected":false},"author":1,"featured_media":2249,"comment_status":"open","ping_status":"open","sticky":false,"template":"","format":"standard","meta":{"footnotes":"","_links_to":"","_links_to_target":""},"categories":[35,48],"tags":[116,119,115,118,117,110,111,114],"class_list":["post-2316","post","type-post","status-publish","format-standard","has-post-thumbnail","hentry","category-politik","category-stor-berattelse","tag-estland","tag-eugrans","tag-gransavtal","tag-nato","tag-ryssland","tag-seto-sv","tag-setomaa-sv","tag-tartu-freden"],"yoast_head":"<!-- This site is optimized with the Yoast SEO plugin v23.9 - https:\/\/yoast.com\/wordpress\/plugins\/seo\/ -->\n<title>Saatse-st\u00f6veln \u2013 vardagen vid gr\u00e4nsen och priset f\u00f6r s\u00e4kerheten - Rahvuslik Kontakt<\/title>\n<meta name=\"robots\" content=\"index, follow, max-snippet:-1, max-image-preview:large, max-video-preview:-1\" \/>\n<link rel=\"canonical\" href=\"https:\/\/rahvuslikkontakt.se\/sv\/saatse-stoveln-vardagen-vid-gransen-och-priset-for-sakerheten\/\" \/>\n<meta property=\"og:locale\" content=\"sv_SE\" \/>\n<meta property=\"og:type\" content=\"article\" \/>\n<meta property=\"og:title\" content=\"Saatse-st\u00f6veln \u2013 vardagen vid gr\u00e4nsen och priset f\u00f6r s\u00e4kerheten - Rahvuslik Kontakt\" \/>\n<meta property=\"og:description\" content=\"En resa \u00f6ver gr\u00e4nsen till Seto Kungarikets Dag F\u00f6r att ta sig till XXXII Seto Kungarikets Dag i Saatse beh\u00f6vde man l\u00e4ngs v\u00e4gen V\u00e4rska\u2013Ulitina vid tv\u00e5 tillf\u00e4llen passera omr\u00e5den som i strid med internationell r\u00e4tt hade fr\u00e5ntagits Republiken Estland och som i dag st\u00e5r under Ryska federationens kontroll \u2013 det vill s\u00e4ga f\u00e4rdas genom den [&hellip;]\" \/>\n<meta property=\"og:url\" content=\"https:\/\/rahvuslikkontakt.se\/sv\/saatse-stoveln-vardagen-vid-gransen-och-priset-for-sakerheten\/\" \/>\n<meta property=\"og:site_name\" content=\"Rahvuslik Kontakt\" \/>\n<meta property=\"article:publisher\" content=\"https:\/\/www.facebook.com\/groups\/413926455353238\" \/>\n<meta property=\"article:published_time\" content=\"2026-03-08T13:09:23+00:00\" \/>\n<meta property=\"article:modified_time\" content=\"2026-05-01T14:12:42+00:00\" \/>\n<meta property=\"og:image\" content=\"https:\/\/rahvuslikkontakt.se\/wp-content\/uploads\/2026\/03\/Saatse-saabas_infotahvel_Foto-Toomas-Tuul-scaled.jpg\" \/>\n\t<meta property=\"og:image:width\" content=\"2560\" \/>\n\t<meta property=\"og:image:height\" content=\"1707\" \/>\n\t<meta property=\"og:image:type\" content=\"image\/jpeg\" \/>\n<meta name=\"author\" content=\"Spirited\" \/>\n<meta name=\"twitter:card\" content=\"summary_large_image\" \/>\n<meta name=\"twitter:creator\" content=\"@Sverigeesterna\" \/>\n<meta name=\"twitter:site\" content=\"@Sverigeesterna\" \/>\n<meta name=\"twitter:label1\" content=\"Skriven av\" \/>\n\t<meta name=\"twitter:data1\" content=\"Spirited\" \/>\n\t<meta name=\"twitter:label2\" content=\"Ber\u00e4knad l\u00e4stid\" \/>\n\t<meta name=\"twitter:data2\" content=\"8 minuter\" \/>\n<script type=\"application\/ld+json\" class=\"yoast-schema-graph\">{\"@context\":\"https:\/\/schema.org\",\"@graph\":[{\"@type\":\"Article\",\"@id\":\"https:\/\/rahvuslikkontakt.se\/sv\/saatse-stoveln-vardagen-vid-gransen-och-priset-for-sakerheten\/#article\",\"isPartOf\":{\"@id\":\"https:\/\/rahvuslikkontakt.se\/sv\/saatse-stoveln-vardagen-vid-gransen-och-priset-for-sakerheten\/\"},\"author\":{\"name\":\"Spirited\",\"@id\":\"https:\/\/rahvuslikkontakt.se\/#\/schema\/person\/bbe8716ce573d8188b927db0af94123b\"},\"headline\":\"Saatse-st\u00f6veln \u2013 vardagen vid gr\u00e4nsen och priset f\u00f6r s\u00e4kerheten\",\"datePublished\":\"2026-03-08T13:09:23+00:00\",\"dateModified\":\"2026-05-01T14:12:42+00:00\",\"mainEntityOfPage\":{\"@id\":\"https:\/\/rahvuslikkontakt.se\/sv\/saatse-stoveln-vardagen-vid-gransen-och-priset-for-sakerheten\/\"},\"wordCount\":1474,\"commentCount\":0,\"publisher\":{\"@id\":\"https:\/\/rahvuslikkontakt.se\/#organization\"},\"image\":{\"@id\":\"https:\/\/rahvuslikkontakt.se\/sv\/saatse-stoveln-vardagen-vid-gransen-och-priset-for-sakerheten\/#primaryimage\"},\"thumbnailUrl\":\"https:\/\/rahvuslikkontakt.se\/wp-content\/uploads\/2026\/03\/Saatse-saabas_infotahvel_Foto-Toomas-Tuul-scaled.jpg\",\"keywords\":[\"#estland\",\"#eugr\u00e4ns\",\"#gr\u00e4nsavtal\",\"#nato\",\"#ryssland\",\"#seto\",\"#setomaa\",\"Tartu-freden\"],\"articleSection\":[\"Politik\",\"Stor ber\u00e4ttelse\"],\"inLanguage\":\"sv-SE\",\"potentialAction\":[{\"@type\":\"CommentAction\",\"name\":\"Comment\",\"target\":[\"https:\/\/rahvuslikkontakt.se\/sv\/saatse-stoveln-vardagen-vid-gransen-och-priset-for-sakerheten\/#respond\"]}]},{\"@type\":\"WebPage\",\"@id\":\"https:\/\/rahvuslikkontakt.se\/sv\/saatse-stoveln-vardagen-vid-gransen-och-priset-for-sakerheten\/\",\"url\":\"https:\/\/rahvuslikkontakt.se\/sv\/saatse-stoveln-vardagen-vid-gransen-och-priset-for-sakerheten\/\",\"name\":\"Saatse-st\u00f6veln \u2013 vardagen vid gr\u00e4nsen och priset f\u00f6r s\u00e4kerheten - Rahvuslik Kontakt\",\"isPartOf\":{\"@id\":\"https:\/\/rahvuslikkontakt.se\/#website\"},\"primaryImageOfPage\":{\"@id\":\"https:\/\/rahvuslikkontakt.se\/sv\/saatse-stoveln-vardagen-vid-gransen-och-priset-for-sakerheten\/#primaryimage\"},\"image\":{\"@id\":\"https:\/\/rahvuslikkontakt.se\/sv\/saatse-stoveln-vardagen-vid-gransen-och-priset-for-sakerheten\/#primaryimage\"},\"thumbnailUrl\":\"https:\/\/rahvuslikkontakt.se\/wp-content\/uploads\/2026\/03\/Saatse-saabas_infotahvel_Foto-Toomas-Tuul-scaled.jpg\",\"datePublished\":\"2026-03-08T13:09:23+00:00\",\"dateModified\":\"2026-05-01T14:12:42+00:00\",\"breadcrumb\":{\"@id\":\"https:\/\/rahvuslikkontakt.se\/sv\/saatse-stoveln-vardagen-vid-gransen-och-priset-for-sakerheten\/#breadcrumb\"},\"inLanguage\":\"sv-SE\",\"potentialAction\":[{\"@type\":\"ReadAction\",\"target\":[\"https:\/\/rahvuslikkontakt.se\/sv\/saatse-stoveln-vardagen-vid-gransen-och-priset-for-sakerheten\/\"]}]},{\"@type\":\"ImageObject\",\"inLanguage\":\"sv-SE\",\"@id\":\"https:\/\/rahvuslikkontakt.se\/sv\/saatse-stoveln-vardagen-vid-gransen-och-priset-for-sakerheten\/#primaryimage\",\"url\":\"https:\/\/rahvuslikkontakt.se\/wp-content\/uploads\/2026\/03\/Saatse-saabas_infotahvel_Foto-Toomas-Tuul-scaled.jpg\",\"contentUrl\":\"https:\/\/rahvuslikkontakt.se\/wp-content\/uploads\/2026\/03\/Saatse-saabas_infotahvel_Foto-Toomas-Tuul-scaled.jpg\",\"width\":2560,\"height\":1707},{\"@type\":\"BreadcrumbList\",\"@id\":\"https:\/\/rahvuslikkontakt.se\/sv\/saatse-stoveln-vardagen-vid-gransen-och-priset-for-sakerheten\/#breadcrumb\",\"itemListElement\":[{\"@type\":\"ListItem\",\"position\":1,\"name\":\"Home\",\"item\":\"https:\/\/rahvuslikkontakt.se\/sv\/\"},{\"@type\":\"ListItem\",\"position\":2,\"name\":\"Saatse-st\u00f6veln \u2013 vardagen vid gr\u00e4nsen och priset f\u00f6r s\u00e4kerheten\"}]},{\"@type\":\"WebSite\",\"@id\":\"https:\/\/rahvuslikkontakt.se\/#website\",\"url\":\"https:\/\/rahvuslikkontakt.se\/\",\"name\":\"Rahvuslik Kontakt\",\"description\":\"\",\"publisher\":{\"@id\":\"https:\/\/rahvuslikkontakt.se\/#organization\"},\"potentialAction\":[{\"@type\":\"SearchAction\",\"target\":{\"@type\":\"EntryPoint\",\"urlTemplate\":\"https:\/\/rahvuslikkontakt.se\/?s={search_term_string}\"},\"query-input\":{\"@type\":\"PropertyValueSpecification\",\"valueRequired\":true,\"valueName\":\"search_term_string\"}}],\"inLanguage\":\"sv-SE\"},{\"@type\":\"Organization\",\"@id\":\"https:\/\/rahvuslikkontakt.se\/#organization\",\"name\":\"Rahvuslik Kontakt\",\"url\":\"https:\/\/rahvuslikkontakt.se\/\",\"logo\":{\"@type\":\"ImageObject\",\"inLanguage\":\"sv-SE\",\"@id\":\"https:\/\/rahvuslikkontakt.se\/#\/schema\/logo\/image\/\",\"url\":\"https:\/\/rahvuslikkontakt.se\/wp-content\/uploads\/2023\/11\/Footer-logo.webp\",\"contentUrl\":\"https:\/\/rahvuslikkontakt.se\/wp-content\/uploads\/2023\/11\/Footer-logo.webp\",\"width\":1200,\"height\":300,\"caption\":\"Rahvuslik Kontakt\"},\"image\":{\"@id\":\"https:\/\/rahvuslikkontakt.se\/#\/schema\/logo\/image\/\"},\"sameAs\":[\"https:\/\/www.facebook.com\/groups\/413926455353238\",\"https:\/\/x.com\/Sverigeesterna\",\"https:\/\/www.instagram.com\/sverigeesterna\/\",\"https:\/\/www.youtube.com\/channel\/UCrx0OUO2vQAEvysvMrwq5xQ\"]},{\"@type\":\"Person\",\"@id\":\"https:\/\/rahvuslikkontakt.se\/#\/schema\/person\/bbe8716ce573d8188b927db0af94123b\",\"name\":\"Spirited\",\"image\":{\"@type\":\"ImageObject\",\"inLanguage\":\"sv-SE\",\"@id\":\"https:\/\/rahvuslikkontakt.se\/#\/schema\/person\/image\/\",\"url\":\"https:\/\/secure.gravatar.com\/avatar\/cdaa8b7df814180be6f2d094d6831427afb3ffe9161163deaf974cb1f258df6d?s=96&d=mm&r=g\",\"contentUrl\":\"https:\/\/secure.gravatar.com\/avatar\/cdaa8b7df814180be6f2d094d6831427afb3ffe9161163deaf974cb1f258df6d?s=96&d=mm&r=g\",\"caption\":\"Spirited\"},\"sameAs\":[\"https:\/\/rahvuslikkontakt.se\"],\"url\":\"https:\/\/rahvuslikkontakt.se\/sv\/author\/spirited\/\"}]}<\/script>\n<!-- \/ Yoast SEO plugin. -->","yoast_head_json":{"title":"Saatse-st\u00f6veln \u2013 vardagen vid gr\u00e4nsen och priset f\u00f6r s\u00e4kerheten - Rahvuslik Kontakt","robots":{"index":"index","follow":"follow","max-snippet":"max-snippet:-1","max-image-preview":"max-image-preview:large","max-video-preview":"max-video-preview:-1"},"canonical":"https:\/\/rahvuslikkontakt.se\/sv\/saatse-stoveln-vardagen-vid-gransen-och-priset-for-sakerheten\/","og_locale":"sv_SE","og_type":"article","og_title":"Saatse-st\u00f6veln \u2013 vardagen vid gr\u00e4nsen och priset f\u00f6r s\u00e4kerheten - Rahvuslik Kontakt","og_description":"En resa \u00f6ver gr\u00e4nsen till Seto Kungarikets Dag F\u00f6r att ta sig till XXXII Seto Kungarikets Dag i Saatse beh\u00f6vde man l\u00e4ngs v\u00e4gen V\u00e4rska\u2013Ulitina vid tv\u00e5 tillf\u00e4llen passera omr\u00e5den som i strid med internationell r\u00e4tt hade fr\u00e5ntagits Republiken Estland och som i dag st\u00e5r under Ryska federationens kontroll \u2013 det vill s\u00e4ga f\u00e4rdas genom den [&hellip;]","og_url":"https:\/\/rahvuslikkontakt.se\/sv\/saatse-stoveln-vardagen-vid-gransen-och-priset-for-sakerheten\/","og_site_name":"Rahvuslik Kontakt","article_publisher":"https:\/\/www.facebook.com\/groups\/413926455353238","article_published_time":"2026-03-08T13:09:23+00:00","article_modified_time":"2026-05-01T14:12:42+00:00","og_image":[{"width":2560,"height":1707,"url":"https:\/\/rahvuslikkontakt.se\/wp-content\/uploads\/2026\/03\/Saatse-saabas_infotahvel_Foto-Toomas-Tuul-scaled.jpg","type":"image\/jpeg"}],"author":"Spirited","twitter_card":"summary_large_image","twitter_creator":"@Sverigeesterna","twitter_site":"@Sverigeesterna","twitter_misc":{"Skriven av":"Spirited","Ber\u00e4knad l\u00e4stid":"8 minuter"},"schema":{"@context":"https:\/\/schema.org","@graph":[{"@type":"Article","@id":"https:\/\/rahvuslikkontakt.se\/sv\/saatse-stoveln-vardagen-vid-gransen-och-priset-for-sakerheten\/#article","isPartOf":{"@id":"https:\/\/rahvuslikkontakt.se\/sv\/saatse-stoveln-vardagen-vid-gransen-och-priset-for-sakerheten\/"},"author":{"name":"Spirited","@id":"https:\/\/rahvuslikkontakt.se\/#\/schema\/person\/bbe8716ce573d8188b927db0af94123b"},"headline":"Saatse-st\u00f6veln \u2013 vardagen vid gr\u00e4nsen och priset f\u00f6r s\u00e4kerheten","datePublished":"2026-03-08T13:09:23+00:00","dateModified":"2026-05-01T14:12:42+00:00","mainEntityOfPage":{"@id":"https:\/\/rahvuslikkontakt.se\/sv\/saatse-stoveln-vardagen-vid-gransen-och-priset-for-sakerheten\/"},"wordCount":1474,"commentCount":0,"publisher":{"@id":"https:\/\/rahvuslikkontakt.se\/#organization"},"image":{"@id":"https:\/\/rahvuslikkontakt.se\/sv\/saatse-stoveln-vardagen-vid-gransen-och-priset-for-sakerheten\/#primaryimage"},"thumbnailUrl":"https:\/\/rahvuslikkontakt.se\/wp-content\/uploads\/2026\/03\/Saatse-saabas_infotahvel_Foto-Toomas-Tuul-scaled.jpg","keywords":["#estland","#eugr\u00e4ns","#gr\u00e4nsavtal","#nato","#ryssland","#seto","#setomaa","Tartu-freden"],"articleSection":["Politik","Stor ber\u00e4ttelse"],"inLanguage":"sv-SE","potentialAction":[{"@type":"CommentAction","name":"Comment","target":["https:\/\/rahvuslikkontakt.se\/sv\/saatse-stoveln-vardagen-vid-gransen-och-priset-for-sakerheten\/#respond"]}]},{"@type":"WebPage","@id":"https:\/\/rahvuslikkontakt.se\/sv\/saatse-stoveln-vardagen-vid-gransen-och-priset-for-sakerheten\/","url":"https:\/\/rahvuslikkontakt.se\/sv\/saatse-stoveln-vardagen-vid-gransen-och-priset-for-sakerheten\/","name":"Saatse-st\u00f6veln \u2013 vardagen vid gr\u00e4nsen och priset f\u00f6r s\u00e4kerheten - Rahvuslik Kontakt","isPartOf":{"@id":"https:\/\/rahvuslikkontakt.se\/#website"},"primaryImageOfPage":{"@id":"https:\/\/rahvuslikkontakt.se\/sv\/saatse-stoveln-vardagen-vid-gransen-och-priset-for-sakerheten\/#primaryimage"},"image":{"@id":"https:\/\/rahvuslikkontakt.se\/sv\/saatse-stoveln-vardagen-vid-gransen-och-priset-for-sakerheten\/#primaryimage"},"thumbnailUrl":"https:\/\/rahvuslikkontakt.se\/wp-content\/uploads\/2026\/03\/Saatse-saabas_infotahvel_Foto-Toomas-Tuul-scaled.jpg","datePublished":"2026-03-08T13:09:23+00:00","dateModified":"2026-05-01T14:12:42+00:00","breadcrumb":{"@id":"https:\/\/rahvuslikkontakt.se\/sv\/saatse-stoveln-vardagen-vid-gransen-och-priset-for-sakerheten\/#breadcrumb"},"inLanguage":"sv-SE","potentialAction":[{"@type":"ReadAction","target":["https:\/\/rahvuslikkontakt.se\/sv\/saatse-stoveln-vardagen-vid-gransen-och-priset-for-sakerheten\/"]}]},{"@type":"ImageObject","inLanguage":"sv-SE","@id":"https:\/\/rahvuslikkontakt.se\/sv\/saatse-stoveln-vardagen-vid-gransen-och-priset-for-sakerheten\/#primaryimage","url":"https:\/\/rahvuslikkontakt.se\/wp-content\/uploads\/2026\/03\/Saatse-saabas_infotahvel_Foto-Toomas-Tuul-scaled.jpg","contentUrl":"https:\/\/rahvuslikkontakt.se\/wp-content\/uploads\/2026\/03\/Saatse-saabas_infotahvel_Foto-Toomas-Tuul-scaled.jpg","width":2560,"height":1707},{"@type":"BreadcrumbList","@id":"https:\/\/rahvuslikkontakt.se\/sv\/saatse-stoveln-vardagen-vid-gransen-och-priset-for-sakerheten\/#breadcrumb","itemListElement":[{"@type":"ListItem","position":1,"name":"Home","item":"https:\/\/rahvuslikkontakt.se\/sv\/"},{"@type":"ListItem","position":2,"name":"Saatse-st\u00f6veln \u2013 vardagen vid gr\u00e4nsen och priset f\u00f6r s\u00e4kerheten"}]},{"@type":"WebSite","@id":"https:\/\/rahvuslikkontakt.se\/#website","url":"https:\/\/rahvuslikkontakt.se\/","name":"Rahvuslik Kontakt","description":"","publisher":{"@id":"https:\/\/rahvuslikkontakt.se\/#organization"},"potentialAction":[{"@type":"SearchAction","target":{"@type":"EntryPoint","urlTemplate":"https:\/\/rahvuslikkontakt.se\/?s={search_term_string}"},"query-input":{"@type":"PropertyValueSpecification","valueRequired":true,"valueName":"search_term_string"}}],"inLanguage":"sv-SE"},{"@type":"Organization","@id":"https:\/\/rahvuslikkontakt.se\/#organization","name":"Rahvuslik Kontakt","url":"https:\/\/rahvuslikkontakt.se\/","logo":{"@type":"ImageObject","inLanguage":"sv-SE","@id":"https:\/\/rahvuslikkontakt.se\/#\/schema\/logo\/image\/","url":"https:\/\/rahvuslikkontakt.se\/wp-content\/uploads\/2023\/11\/Footer-logo.webp","contentUrl":"https:\/\/rahvuslikkontakt.se\/wp-content\/uploads\/2023\/11\/Footer-logo.webp","width":1200,"height":300,"caption":"Rahvuslik Kontakt"},"image":{"@id":"https:\/\/rahvuslikkontakt.se\/#\/schema\/logo\/image\/"},"sameAs":["https:\/\/www.facebook.com\/groups\/413926455353238","https:\/\/x.com\/Sverigeesterna","https:\/\/www.instagram.com\/sverigeesterna\/","https:\/\/www.youtube.com\/channel\/UCrx0OUO2vQAEvysvMrwq5xQ"]},{"@type":"Person","@id":"https:\/\/rahvuslikkontakt.se\/#\/schema\/person\/bbe8716ce573d8188b927db0af94123b","name":"Spirited","image":{"@type":"ImageObject","inLanguage":"sv-SE","@id":"https:\/\/rahvuslikkontakt.se\/#\/schema\/person\/image\/","url":"https:\/\/secure.gravatar.com\/avatar\/cdaa8b7df814180be6f2d094d6831427afb3ffe9161163deaf974cb1f258df6d?s=96&d=mm&r=g","contentUrl":"https:\/\/secure.gravatar.com\/avatar\/cdaa8b7df814180be6f2d094d6831427afb3ffe9161163deaf974cb1f258df6d?s=96&d=mm&r=g","caption":"Spirited"},"sameAs":["https:\/\/rahvuslikkontakt.se"],"url":"https:\/\/rahvuslikkontakt.se\/sv\/author\/spirited\/"}]}},"_links":{"self":[{"href":"https:\/\/rahvuslikkontakt.se\/sv\/wp-json\/wp\/v2\/posts\/2316","targetHints":{"allow":["GET"]}}],"collection":[{"href":"https:\/\/rahvuslikkontakt.se\/sv\/wp-json\/wp\/v2\/posts"}],"about":[{"href":"https:\/\/rahvuslikkontakt.se\/sv\/wp-json\/wp\/v2\/types\/post"}],"author":[{"embeddable":true,"href":"https:\/\/rahvuslikkontakt.se\/sv\/wp-json\/wp\/v2\/users\/1"}],"replies":[{"embeddable":true,"href":"https:\/\/rahvuslikkontakt.se\/sv\/wp-json\/wp\/v2\/comments?post=2316"}],"version-history":[{"count":6,"href":"https:\/\/rahvuslikkontakt.se\/sv\/wp-json\/wp\/v2\/posts\/2316\/revisions"}],"predecessor-version":[{"id":2364,"href":"https:\/\/rahvuslikkontakt.se\/sv\/wp-json\/wp\/v2\/posts\/2316\/revisions\/2364"}],"wp:featuredmedia":[{"embeddable":true,"href":"https:\/\/rahvuslikkontakt.se\/sv\/wp-json\/wp\/v2\/media\/2249"}],"wp:attachment":[{"href":"https:\/\/rahvuslikkontakt.se\/sv\/wp-json\/wp\/v2\/media?parent=2316"}],"wp:term":[{"taxonomy":"category","embeddable":true,"href":"https:\/\/rahvuslikkontakt.se\/sv\/wp-json\/wp\/v2\/categories?post=2316"},{"taxonomy":"post_tag","embeddable":true,"href":"https:\/\/rahvuslikkontakt.se\/sv\/wp-json\/wp\/v2\/tags?post=2316"}],"curies":[{"name":"wp","href":"https:\/\/api.w.org\/{rel}","templated":true}]}}