{"id":2314,"date":"2026-03-08T15:41:54","date_gmt":"2026-03-08T13:41:54","guid":{"rendered":"https:\/\/rahvuslikkontakt.se\/?p=2314"},"modified":"2026-05-01T17:11:05","modified_gmt":"2026-05-01T14:11:05","slug":"jalmar-vabarna-setofolkets-hogsta-representant-kommer-till-stockholm-med-en-delegation","status":"publish","type":"post","link":"https:\/\/rahvuslikkontakt.se\/sv\/jalmar-vabarna-setofolkets-hogsta-representant-kommer-till-stockholm-med-en-delegation\/","title":{"rendered":"Jalmar Vabarna, setofolkets h\u00f6gsta representant, kommer till Stockholm med en delegation"},"content":{"rendered":"<h3><span style=\"font-weight: 400;\">N\u00e4r jag h\u00f6r setospr\u00e5ket f\u00e5r jag en varm och v\u00e4lbekant k\u00e4nsla. Det h\u00e4r \u00e4r min mormors och morfars spr\u00e5k fr\u00e5n Setomaa \u2013 ett spr\u00e5k som jag kan f\u00f6rst\u00e5 n\u00e4stan helt, \u00e4ven om jag inte kan det sj\u00e4lv. Men setokulturen \u00e4r s\u00e5 mycket mer \u00e4n bara spr\u00e5ket. Det \u00e4r s\u00e5ng och dans, folkdr\u00e4kter och smaker, historisk anknytning och en stark gemenskap som binder samman m\u00e4nniskor fr\u00e5n generation till generation. <\/span><\/h3>\n<figure id=\"attachment_2293\" aria-describedby=\"caption-attachment-2293\" style=\"width: 2200px\" class=\"wp-caption alignnone\"><img loading=\"lazy\" decoding=\"async\" class=\"size-full wp-image-2293\" src=\"https:\/\/rahvuslikkontakt.se\/wp-content\/uploads\/2026\/03\/Sirle-ja-Jalmar-2014-uus.webp\" alt=\"\" width=\"2200\" height=\"1761\" srcset=\"https:\/\/rahvuslikkontakt.se\/wp-content\/uploads\/2026\/03\/Sirle-ja-Jalmar-2014-uus.webp 2200w, https:\/\/rahvuslikkontakt.se\/wp-content\/uploads\/2026\/03\/Sirle-ja-Jalmar-2014-uus-300x240.webp 300w, https:\/\/rahvuslikkontakt.se\/wp-content\/uploads\/2026\/03\/Sirle-ja-Jalmar-2014-uus-1024x820.webp 1024w, https:\/\/rahvuslikkontakt.se\/wp-content\/uploads\/2026\/03\/Sirle-ja-Jalmar-2014-uus-768x615.webp 768w, https:\/\/rahvuslikkontakt.se\/wp-content\/uploads\/2026\/03\/Sirle-ja-Jalmar-2014-uus-1536x1229.webp 1536w, https:\/\/rahvuslikkontakt.se\/wp-content\/uploads\/2026\/03\/Sirle-ja-Jalmar-2014-uus-2048x1639.webp 2048w\" sizes=\"auto, (max-width: 2200px) 100vw, 2200px\" \/><figcaption id=\"caption-attachment-2293\" class=\"wp-caption-text\">Sirle S\u00f6\u00f6t och Jalmar Vabarna 15.03.2014 i Estniska Huset i Stockholm. Foto: privat samling<\/figcaption><\/figure>\n<p><span style=\"font-weight: 400;\">Jalmar Vabarna \u00f6ppnade d\u00f6rren till den moderna setokulturen f\u00f6r mig. V\u00e5r v\u00e4nskap b\u00f6rjade f\u00f6r 16 \u00e5r sedan, p\u00e5 modersm\u00e5lsdagen 2008 i Stockholm, n\u00e4r Jalmar upptr\u00e4dde h\u00e4r med sitt f\u00f6rsta band, <a href=\"https:\/\/open.spotify.com\/artist\/2NitYjQIt9BHYH7K4Rj5YQ\" target=\"_blank\" rel=\"noopener\"><strong>Zetod<\/strong><\/a>. Hans namn har varit ouppl\u00f6sligt kopplat till att g\u00f6ra setokulturen synlig f\u00f6r den yngre generationen b\u00e5de i Estland och utomlands. Mina barn och deras v\u00e4nner \u00e4r ocks\u00e5 stora beundrare av Jalmar.<\/span><\/p>\n<p><span style=\"font-weight: 400;\"><iframe loading=\"lazy\" src=\"\/\/www.youtube.com\/embed\/8620MA8cFIQ?si=_7TGdZHWyncGHJ6h\" width=\"560\" height=\"314\" allowfullscreen=\"allowfullscreen\"><\/iframe><\/span><\/p>\n<p><span style=\"font-weight: 400;\">Jalmar Vabarna kommer fr\u00e5n V\u00e4rska och \u00e4r \u00e4ttling till den ber\u00f6mda setos\u00e5ngerskan <strong><a href=\"https:\/\/et.wikipedia.org\/wiki\/Anne_Vabarna\" target=\"_blank\" rel=\"noopener\">Vabarna Anne<\/a><\/strong>. Hans framg\u00e5ngar som musiker har varit imponerande. F\u00f6rutom Zetos har han varit knuten till banden Gjangsta, Viljandi Guitar Trio, Klapp, Curly Strings, Vallatud Vestid och Trad.Attack!. Hans kreativa resa har varit starkt influerad av hans familj \u2013 hans mamma <strong><a href=\"https:\/\/lp.delfi.ee\/artikkel\/83084483\/jalmar-vabarna-ema-maret-vabarna-lastele-peab-aega-puhendama\" target=\"_blank\" rel=\"noopener\">Maret Vabarna<\/a><\/strong> och hans syster <strong><a href=\"https:\/\/www.ohtuleht.ee\/melu\/688046\/galerii-seto-kuningriigi-ulemsootskaks-sai-jane-vabarna\" target=\"_blank\" rel=\"noopener\">Jane Vabarna<\/a><\/strong>, som b\u00e5da \u00e4r setos\u00e5ngerskor och drivkrafter i samh\u00e4llet V\u00e4rska.<\/span><\/p>\n<figure id=\"attachment_2278\" aria-describedby=\"caption-attachment-2278\" style=\"width: 696px\" class=\"wp-caption aligncenter\"><img loading=\"lazy\" decoding=\"async\" class=\"wp-image-2278 size-large\" src=\"https:\/\/rahvuslikkontakt.se\/wp-content\/uploads\/2026\/03\/TRADATTACK_TRESKI_ReigoTeervalt_039_09082025-1024x683.jpg\" alt=\"Jane Vabarna, Jalmar Vabarna, Anete Vabarna, Maret Vabarna Foto: privat samling\" width=\"696\" height=\"464\" srcset=\"https:\/\/rahvuslikkontakt.se\/wp-content\/uploads\/2026\/03\/TRADATTACK_TRESKI_ReigoTeervalt_039_09082025-1024x683.jpg 1024w, https:\/\/rahvuslikkontakt.se\/wp-content\/uploads\/2026\/03\/TRADATTACK_TRESKI_ReigoTeervalt_039_09082025-300x200.jpg 300w, https:\/\/rahvuslikkontakt.se\/wp-content\/uploads\/2026\/03\/TRADATTACK_TRESKI_ReigoTeervalt_039_09082025-768x512.jpg 768w, https:\/\/rahvuslikkontakt.se\/wp-content\/uploads\/2026\/03\/TRADATTACK_TRESKI_ReigoTeervalt_039_09082025-1536x1024.jpg 1536w, https:\/\/rahvuslikkontakt.se\/wp-content\/uploads\/2026\/03\/TRADATTACK_TRESKI_ReigoTeervalt_039_09082025-2048x1365.jpg 2048w\" sizes=\"auto, (max-width: 696px) 100vw, 696px\" \/><figcaption id=\"caption-attachment-2278\" class=\"wp-caption-text\">Jane Vabarna, Jalmar Vabarna, Janes dotter Anete Vabarna, Maret Vabarna Foto: privat samling<\/figcaption><\/figure>\n<p><span style=\"font-weight: 400;\">N\u00e4r jag h\u00f6rde att Jalmar kandiderade f\u00f6r att bli \u00f6versootska (\u00fclemsootska), mot sin syster Jane Vabarna, best\u00e4mde vi oss f\u00f6r att se det sj\u00e4lva p\u00e5 <strong>Setos kungariketsdag<\/strong>, som \u00e4gde rum i somras i Saatse, n\u00e4ra den ryska gr\u00e4nsen. Till och med Estlands statsminister Kristen Michal var d\u00e4r och deltog.<\/span><\/p>\n<p><iframe loading=\"lazy\" src=\"\/\/www.youtube.com\/embed\/5vF2fkPSBtg?si=1b6RcksdF5OB96aY\" width=\"560\" height=\"314\" allowfullscreen=\"allowfullscreen\"><\/iframe><\/p>\n<p><span style=\"font-weight: 400;\">Toppkandidaten v\u00e4ljs inte genom omr\u00f6stning \u2013 valet g\u00f6rs s\u00e5 att folk st\u00e4ller sig bakom sin kandidat. Den som har den l\u00e4ngsta raden av supportrar vinner. Janes supportrar var n\u00e4stan 370, medan Jalmars var 900. Folket hade d\u00e4rmed fattat sitt beslut. Jane, som tidigare varit \u00f6versootska 2015\u20132016 och 2021\u201322, tog resultatet med v\u00e4rdighet \u2013 snarare med gl\u00e4dje \u00e4n med besvikelse.<\/span><\/p>\n<p><figure id=\"attachment_2328\" aria-describedby=\"caption-attachment-2328\" style=\"width: 696px\" class=\"wp-caption aligncenter\"><img loading=\"lazy\" decoding=\"async\" class=\"wp-image-2328 size-large\" src=\"https:\/\/rahvuslikkontakt.se\/wp-content\/uploads\/2026\/03\/Jalmar-Vabarna-ja-Jane-Vabarna-Foto-Reigo-Teervalt-1024x683.jpg\" alt=\"Jalmar Vabarna och hans syster Jane Vabarna den 1 augusti 2025 i Saatse. Foto: Reigo Teervalt\" width=\"696\" height=\"464\" srcset=\"https:\/\/rahvuslikkontakt.se\/wp-content\/uploads\/2026\/03\/Jalmar-Vabarna-ja-Jane-Vabarna-Foto-Reigo-Teervalt-1024x683.jpg 1024w, https:\/\/rahvuslikkontakt.se\/wp-content\/uploads\/2026\/03\/Jalmar-Vabarna-ja-Jane-Vabarna-Foto-Reigo-Teervalt-300x200.jpg 300w, https:\/\/rahvuslikkontakt.se\/wp-content\/uploads\/2026\/03\/Jalmar-Vabarna-ja-Jane-Vabarna-Foto-Reigo-Teervalt-768x512.jpg 768w, https:\/\/rahvuslikkontakt.se\/wp-content\/uploads\/2026\/03\/Jalmar-Vabarna-ja-Jane-Vabarna-Foto-Reigo-Teervalt-1536x1024.jpg 1536w, https:\/\/rahvuslikkontakt.se\/wp-content\/uploads\/2026\/03\/Jalmar-Vabarna-ja-Jane-Vabarna-Foto-Reigo-Teervalt.jpg 2048w\" sizes=\"auto, (max-width: 696px) 100vw, 696px\" \/><figcaption id=\"caption-attachment-2328\" class=\"wp-caption-text\">Jalmar Vabarna och hans syster Jane Vabarna den 1 augusti 2025 i Saatse. Foto: Reigo Teervalt<\/figcaption><\/figure> <figure id=\"attachment_2287\" aria-describedby=\"caption-attachment-2287\" style=\"width: 1992px\" class=\"wp-caption alignnone\"><img loading=\"lazy\" decoding=\"async\" class=\"wp-image-2287 size-full\" src=\"https:\/\/rahvuslikkontakt.se\/wp-content\/uploads\/2026\/03\/sootskat-6nnitleb-Sirle-Soot-scaled.webp\" alt=\"\" width=\"1992\" height=\"2560\" srcset=\"https:\/\/rahvuslikkontakt.se\/wp-content\/uploads\/2026\/03\/sootskat-6nnitleb-Sirle-Soot-scaled.webp 1992w, https:\/\/rahvuslikkontakt.se\/wp-content\/uploads\/2026\/03\/sootskat-6nnitleb-Sirle-Soot-233x300.webp 233w, https:\/\/rahvuslikkontakt.se\/wp-content\/uploads\/2026\/03\/sootskat-6nnitleb-Sirle-Soot-797x1024.webp 797w, https:\/\/rahvuslikkontakt.se\/wp-content\/uploads\/2026\/03\/sootskat-6nnitleb-Sirle-Soot-768x987.webp 768w, https:\/\/rahvuslikkontakt.se\/wp-content\/uploads\/2026\/03\/sootskat-6nnitleb-Sirle-Soot-1195x1536.webp 1195w, https:\/\/rahvuslikkontakt.se\/wp-content\/uploads\/2026\/03\/sootskat-6nnitleb-Sirle-Soot-1593x2048.webp 1593w\" sizes=\"auto, (max-width: 1992px) 100vw, 1992px\" \/><figcaption id=\"caption-attachment-2287\" class=\"wp-caption-text\">Sirle S\u00f6\u00f6t gratulerar den nye \u00f6versootska Jalmar Vabarna den 1 augusti 2025 i Saatse. Foto: Taave S\u00f6\u00f6t Vaherm\u00e4gi<\/figcaption><\/figure><\/p>\n<p><span style=\"font-weight: 400;\">Dagen efter satt jag och Jalmar i byn Treski p\u00e5 hans <strong>Silla-g\u00e5rd<\/strong>, p\u00e5 bastuns terrass. Samtidigt gjorde ett filmteam en film om honom.<\/span><\/p>\n<p><span style=\"font-weight: 400;\"> Jalmar k\u00f6pte denna g\u00e5rd f\u00f6r 13 \u00e5r sedan. <strong><a href=\"https:\/\/treski.ee\/meist\" target=\"_blank\" rel=\"noopener\">Treskiladan<\/a><\/strong> \u00f6ppnade 2016 och har vuxit fr\u00e5n en liten bakg\u00e5rd till en stor och professionell kulturscen d\u00e4r konserter och festivaler \u00e4ger rum.<\/span><\/p>\n<p><figure id=\"attachment_2330\" aria-describedby=\"caption-attachment-2330\" style=\"width: 696px\" class=\"wp-caption aligncenter\"><img loading=\"lazy\" decoding=\"async\" class=\"wp-image-2330 size-large\" src=\"https:\/\/rahvuslikkontakt.se\/wp-content\/uploads\/2026\/03\/Talu-ostmisel-1024x768.jpg\" alt=\"S\u00e5 h\u00e4r s\u00e5g g\u00e5rden ut n\u00e4r Jalmar k\u00f6pte den. Foto: Sirle S\u00f6\u00f6t\" width=\"696\" height=\"522\" srcset=\"https:\/\/rahvuslikkontakt.se\/wp-content\/uploads\/2026\/03\/Talu-ostmisel-1024x768.jpg 1024w, https:\/\/rahvuslikkontakt.se\/wp-content\/uploads\/2026\/03\/Talu-ostmisel-300x225.jpg 300w, https:\/\/rahvuslikkontakt.se\/wp-content\/uploads\/2026\/03\/Talu-ostmisel-768x576.jpg 768w, https:\/\/rahvuslikkontakt.se\/wp-content\/uploads\/2026\/03\/Talu-ostmisel-1536x1152.jpg 1536w, https:\/\/rahvuslikkontakt.se\/wp-content\/uploads\/2026\/03\/Talu-ostmisel-2048x1536.jpg 2048w, https:\/\/rahvuslikkontakt.se\/wp-content\/uploads\/2026\/03\/Talu-ostmisel-80x60.jpg 80w, https:\/\/rahvuslikkontakt.se\/wp-content\/uploads\/2026\/03\/Talu-ostmisel-160x120.jpg 160w\" sizes=\"auto, (max-width: 696px) 100vw, 696px\" \/><figcaption id=\"caption-attachment-2330\" class=\"wp-caption-text\">S\u00e5 h\u00e4r s\u00e5g g\u00e5rden ut n\u00e4r Jalmar k\u00f6pte den. Foto: Sirle S\u00f6\u00f6t<\/figcaption><\/figure> <figure id=\"attachment_2245\" aria-describedby=\"caption-attachment-2245\" style=\"width: 696px\" class=\"wp-caption alignnone\"><img loading=\"lazy\" decoding=\"async\" class=\"wp-image-2245 size-large\" src=\"https:\/\/rahvuslikkontakt.se\/wp-content\/uploads\/2026\/03\/Treski-suitsusaun-1024x768.jpg\" alt=\"Suitsusaun Treskis. Foto: Sirle S\u00f6\u00f6t\" width=\"696\" height=\"522\" srcset=\"https:\/\/rahvuslikkontakt.se\/wp-content\/uploads\/2026\/03\/Treski-suitsusaun-1024x768.jpg 1024w, https:\/\/rahvuslikkontakt.se\/wp-content\/uploads\/2026\/03\/Treski-suitsusaun-300x225.jpg 300w, https:\/\/rahvuslikkontakt.se\/wp-content\/uploads\/2026\/03\/Treski-suitsusaun-768x576.jpg 768w, https:\/\/rahvuslikkontakt.se\/wp-content\/uploads\/2026\/03\/Treski-suitsusaun-1536x1152.jpg 1536w, https:\/\/rahvuslikkontakt.se\/wp-content\/uploads\/2026\/03\/Treski-suitsusaun-2048x1536.jpg 2048w, https:\/\/rahvuslikkontakt.se\/wp-content\/uploads\/2026\/03\/Treski-suitsusaun-80x60.jpg 80w, https:\/\/rahvuslikkontakt.se\/wp-content\/uploads\/2026\/03\/Treski-suitsusaun-160x120.jpg 160w\" sizes=\"auto, (max-width: 696px) 100vw, 696px\" \/><figcaption id=\"caption-attachment-2245\" class=\"wp-caption-text\">R\u00f6kbastu hos Jalmar. Foto: Sirle S\u00f6\u00f6t<\/figcaption><\/figure> <figure id=\"attachment_2323\" aria-describedby=\"caption-attachment-2323\" style=\"width: 704px\" class=\"wp-caption alignnone\"><img loading=\"lazy\" decoding=\"async\" class=\"wp-image-2323 size-full\" src=\"https:\/\/rahvuslikkontakt.se\/wp-content\/uploads\/2026\/03\/Treski-lava-1-e1773048088617.jpg\" alt=\"Jalmar p\u00e5 sin Treski scen. Foto: Silver T\u00f5nisson\" width=\"704\" height=\"468\" srcset=\"https:\/\/rahvuslikkontakt.se\/wp-content\/uploads\/2026\/03\/Treski-lava-1-e1773048088617.jpg 704w, https:\/\/rahvuslikkontakt.se\/wp-content\/uploads\/2026\/03\/Treski-lava-1-e1773048088617-300x199.jpg 300w\" sizes=\"auto, (max-width: 704px) 100vw, 704px\" \/><figcaption id=\"caption-attachment-2323\" class=\"wp-caption-text\">Jalmar p\u00e5 sin Treski scen. Foto: Silver T\u00f5nisson<\/figcaption><\/figure><\/p>\n<p><span style=\"font-weight: 400;\">\u201dDet h\u00e4r st\u00e4llet beh\u00f6ver inte g\u00e5 med vinst \u2013 det m\u00e5ste bara fungera\u201d, s\u00e4ger Jalmar. \u201dI samh\u00e4llet har det fungerat l\u00e4nge, \u00e4ven i aff\u00e4rsm\u00e4ssigt\u201d. Treskiladan \u00e4r f\u00f6r honom inte i f\u00f6rsta hand en ekonomisk investering, utan en investering i r\u00f6tterna. &#8221;Jag k\u00f6pte det h\u00e4r st\u00e4llet f\u00f6r k\u00e4nslan \u2013 att kunna s\u00e4ga att det h\u00e4r \u00e4r min mark. Att det har blivit en kulturell plats \u00e4r ett merv\u00e4rde.&#8221;<\/span><\/p>\n<p><span style=\"font-weight: 400;\">F\u00f6r Jalmar var det inget steg i karri\u00e4ren att bli \u00f6versootska, utan en naturlig forts\u00e4ttning p\u00e5 vad han \u00e4nd\u00e5 har gjort. <strong>&#8221;Peko knuffade&#8221;<\/strong>, s\u00e4ger han. Enligt Setos religion betyder detta att man \u00e4r inbjuden och f\u00f6rv\u00e4ntad. Redan i sin ungdom vann Jalmar flera m\u00e4sterskap p\u00e5 Seto-kungariketsdagar och de \u00e4ldre Seto-kulturb\u00e4rarna m\u00e4rkte hans beredskap f\u00f6r l\u00e4nge sedan. &#8221;H\u00f6rna Aare sa f\u00f6r fem \u00e5r sedan: H\u00f6r du, Jalmar, kanske \u00e4r det dags?&#8221; Intensiv konsertaktivitet, s\u00e4rskilt med bandet Trad.Attack!, sk\u00f6t detta steg p\u00e5 framtiden. Nu, n\u00e4r Trad.Attack! upph\u00f6rde med sin verksamhet, var tiden mogen.<\/span><span style=\"font-weight: 400;\">\u00a0<\/span><\/p>\n<figure id=\"attachment_2236\" aria-describedby=\"caption-attachment-2236\" style=\"width: 696px\" class=\"wp-caption alignnone\"><img loading=\"lazy\" decoding=\"async\" class=\"wp-image-2236 size-large\" src=\"https:\/\/rahvuslikkontakt.se\/wp-content\/uploads\/2026\/03\/Sootska-ja-meedia-1024x768.jpg\" alt=\"Jalmar Vabarna esimene intervjuu \u00fclemsootskana. 1. august 2025 Obinitsas Foto: Sirle S\u00f6\u00f6t\" width=\"696\" height=\"522\" srcset=\"https:\/\/rahvuslikkontakt.se\/wp-content\/uploads\/2026\/03\/Sootska-ja-meedia-1024x768.jpg 1024w, https:\/\/rahvuslikkontakt.se\/wp-content\/uploads\/2026\/03\/Sootska-ja-meedia-300x225.jpg 300w, https:\/\/rahvuslikkontakt.se\/wp-content\/uploads\/2026\/03\/Sootska-ja-meedia-768x576.jpg 768w, https:\/\/rahvuslikkontakt.se\/wp-content\/uploads\/2026\/03\/Sootska-ja-meedia-1536x1152.jpg 1536w, https:\/\/rahvuslikkontakt.se\/wp-content\/uploads\/2026\/03\/Sootska-ja-meedia-2048x1536.jpg 2048w, https:\/\/rahvuslikkontakt.se\/wp-content\/uploads\/2026\/03\/Sootska-ja-meedia-80x60.jpg 80w, https:\/\/rahvuslikkontakt.se\/wp-content\/uploads\/2026\/03\/Sootska-ja-meedia-160x120.jpg 160w\" sizes=\"auto, (max-width: 696px) 100vw, 696px\" \/><figcaption id=\"caption-attachment-2236\" class=\"wp-caption-text\">Jalmar Vabarnas f\u00f6rsta intervju som \u00f6versootska den 1 augusti 2025 i Saatse. Foto: Sirle S\u00f6\u00f6t<\/figcaption><\/figure>\n<p><span style=\"font-weight: 400;\">Zetos roll f\u00f6r att uppr\u00e4tth\u00e5lla och f\u00f6ra vidare setoidentiteten har haft avg\u00f6rande betydelse. Bandet har hj\u00e4lpt till att f\u00f6rmedla setokulturen och leelo till den yngre generationens medvetande. \u201dIdentitetens roll blir allt viktigare\u201d, s\u00e4ger Jalmar. &#8221;Seto-kulturen b\u00e4r l\u00e5ngt.&#8221; Han framh\u00e5ller att genuina f\u00f6reteelser med tydlig kulturell tillh\u00f6righet \u00e4r v\u00e4rdefulla b\u00e5de p\u00e5 <\/span><i><span style=\"font-weight: 400;\">Viljandis folkmusikfestival<\/span><\/i><span style=\"font-weight: 400;\"> och p\u00e5 internationella scener.<\/span><\/p>\n<p><iframe loading=\"lazy\" src=\"\/\/www.youtube.com\/embed\/1nu78S5otAo?si=ZvwsbEPeNntkZpYI\" width=\"560\" height=\"314\" allowfullscreen=\"allowfullscreen\"><\/iframe><\/p>\n<p><span style=\"font-weight: 400;\">I samtalet kommer vi in p\u00e5 kopplingarna mellan utbildning och folkmusik. &#8221;Om det inte fanns n\u00e5gon <\/span><i><span style=\"font-weight: 400;\">Viljandi-folk<\/span><\/i><span style=\"font-weight: 400;\">, vem skulle d\u00e5 l\u00e4ra sig folkmusik?&#8221; s\u00e4ger han leende. Det \u00e4r festivaler och liveupplevelser som v\u00e4cker intresse f\u00f6r l\u00e4randet. <\/span><i><span style=\"font-weight: 400;\">Viljandi folk<\/span><\/i><span style=\"font-weight: 400;\"> har varit en spr\u00e5ngbr\u00e4da f\u00f6r m\u00e5nga folkrockband. Som bekant fick <\/span><i><span style=\"font-weight: 400;\">Viljandi folk<\/span><\/i><span style=\"font-weight: 400;\"> sin b\u00f6rjan i Sverige, i Falun, d\u00e4r festivalen har f\u00f6rsvunnit idag. I Estland har man dock hittat en kraftfull formel f\u00f6r att locka unga m\u00e4nniskor.<\/span><\/p>\n<p><iframe loading=\"lazy\" src=\"\/\/www.youtube.com\/embed\/EijF7TzdHQM?si=lyRMLY0MomapK6xk\" width=\"560\" height=\"314\" allowfullscreen=\"allowfullscreen\"><\/iframe><\/p>\n<p><span style=\"font-weight: 400;\">Jalmars resa \u00e4r ocks\u00e5 kopplad till Sverige \u2013 han har studerat vid Karlstads universitets musikh\u00f6gskola i Ingesund, vilket har satt sin pr\u00e4gel p\u00e5 hans musikaliska t\u00e4nkande och kontaktn\u00e4t.<\/span><\/p>\n<p><span style=\"font-weight: 400;\">Familj och kontinuitet \u00e4r centrala f\u00f6r honom. &#8221;Man f\u00f6ds som seto&#8221;, s\u00e4ger Jalmar. Hans barn v\u00e4xer upp med kunskapen varifr\u00e5n de kommer. F\u00f6r honom \u00e4r r\u00f6tter inte ett abstrakt begrepp, utan en vardaglig n\u00e4rvaro i spr\u00e5k, musik och val.<\/span><\/p>\n<p><span style=\"font-weight: 400;\">I slutet av v\u00e5rt samtal kommer sootska <strong>Ahto Raudoja<\/strong>, chefen f\u00f6r Seto-institutet, och bes\u00f6ker Jalmar med en tryckt karta \u00f6ver Setomaas kulturomr\u00e5de, d\u00e4r Treskis g\u00e5rd \u00e4r m\u00e4rkt med nummer ett.<\/span><span style=\"font-weight: 400;\">\u00a0<\/span><\/p>\n<p><img loading=\"lazy\" decoding=\"async\" class=\"aligncenter wp-image-2341 size-large\" src=\"https:\/\/rahvuslikkontakt.se\/wp-content\/uploads\/2026\/03\/Seto-kultuurilooline-kaart_Treski-1.0-713x1024.jpg\" alt=\"\" width=\"696\" height=\"1000\" srcset=\"https:\/\/rahvuslikkontakt.se\/wp-content\/uploads\/2026\/03\/Seto-kultuurilooline-kaart_Treski-1.0-713x1024.jpg 713w, https:\/\/rahvuslikkontakt.se\/wp-content\/uploads\/2026\/03\/Seto-kultuurilooline-kaart_Treski-1.0-209x300.jpg 209w, https:\/\/rahvuslikkontakt.se\/wp-content\/uploads\/2026\/03\/Seto-kultuurilooline-kaart_Treski-1.0-768x1103.jpg 768w, https:\/\/rahvuslikkontakt.se\/wp-content\/uploads\/2026\/03\/Seto-kultuurilooline-kaart_Treski-1.0-1070x1536.jpg 1070w, https:\/\/rahvuslikkontakt.se\/wp-content\/uploads\/2026\/03\/Seto-kultuurilooline-kaart_Treski-1.0-1426x2048.jpg 1426w, https:\/\/rahvuslikkontakt.se\/wp-content\/uploads\/2026\/03\/Seto-kultuurilooline-kaart_Treski-1.0-scaled.jpg 1783w\" sizes=\"auto, (max-width: 696px) 100vw, 696px\" \/><\/p>\n<figure id=\"attachment_2238\" aria-describedby=\"caption-attachment-2238\" style=\"width: 696px\" class=\"wp-caption alignnone\"><img loading=\"lazy\" decoding=\"async\" class=\"wp-image-2238 size-large\" style=\"text-align: center;\" src=\"https:\/\/rahvuslikkontakt.se\/wp-content\/uploads\/2026\/03\/IMG_8604-1024x768.jpg\" alt=\"Treski krog passar b\u00e5de f\u00f6r\u00a0fester och videoinspelningar. Foto: Sirle S\u00f6\u00f6t\" width=\"696\" height=\"522\" srcset=\"https:\/\/rahvuslikkontakt.se\/wp-content\/uploads\/2026\/03\/IMG_8604-1024x768.jpg 1024w, https:\/\/rahvuslikkontakt.se\/wp-content\/uploads\/2026\/03\/IMG_8604-300x225.jpg 300w, https:\/\/rahvuslikkontakt.se\/wp-content\/uploads\/2026\/03\/IMG_8604-768x576.jpg 768w, https:\/\/rahvuslikkontakt.se\/wp-content\/uploads\/2026\/03\/IMG_8604-1536x1152.jpg 1536w, https:\/\/rahvuslikkontakt.se\/wp-content\/uploads\/2026\/03\/IMG_8604-2048x1536.jpg 2048w, https:\/\/rahvuslikkontakt.se\/wp-content\/uploads\/2026\/03\/IMG_8604-80x60.jpg 80w, https:\/\/rahvuslikkontakt.se\/wp-content\/uploads\/2026\/03\/IMG_8604-160x120.jpg 160w\" sizes=\"auto, (max-width: 696px) 100vw, 696px\" \/><figcaption id=\"caption-attachment-2238\" class=\"wp-caption-text\">Treski krog passar b\u00e5de f\u00f6r\u00a0fester och videoinspelningar. Foto: Sirle S\u00f6\u00f6t<\/figcaption><\/figure>\n<p><span style=\"font-weight: 400;\">Jalmar Vabarnas bes\u00f6k i Stockholm med sin delegation under\u00a0<strong>Modersm\u00e5lsdagarna<\/strong> 13\u201315 mars erbjuder en m\u00f6jlighet f\u00f6r b\u00e5de ester och svenskar att m\u00f6ta den levande Seto-kulturen.\u00a0Zetos \u00e4r nu verkligen ett kungligt band. Det \u00e4r ber\u00e4ttelsen om hur ett litet kulturrum kan vara starkt, synligt och levande \u2013 om dess b\u00e4rare har en tydlig koppling till sina r\u00f6tter och viljan att dela dem med v\u00e4nner.<\/p>\n<p><img loading=\"lazy\" decoding=\"async\" class=\"aligncenter wp-image-2319 size-large\" src=\"https:\/\/rahvuslikkontakt.se\/wp-content\/uploads\/2026\/03\/KuningriikSWE-FBIG-POST-1-819x1024.jpg\" alt=\"\" width=\"696\" height=\"870\" srcset=\"https:\/\/rahvuslikkontakt.se\/wp-content\/uploads\/2026\/03\/KuningriikSWE-FBIG-POST-1-819x1024.jpg 819w, https:\/\/rahvuslikkontakt.se\/wp-content\/uploads\/2026\/03\/KuningriikSWE-FBIG-POST-1-240x300.jpg 240w, https:\/\/rahvuslikkontakt.se\/wp-content\/uploads\/2026\/03\/KuningriikSWE-FBIG-POST-1-768x960.jpg 768w, https:\/\/rahvuslikkontakt.se\/wp-content\/uploads\/2026\/03\/KuningriikSWE-FBIG-POST-1-1229x1536.jpg 1229w, https:\/\/rahvuslikkontakt.se\/wp-content\/uploads\/2026\/03\/KuningriikSWE-FBIG-POST-1-1638x2048.jpg 1638w, https:\/\/rahvuslikkontakt.se\/wp-content\/uploads\/2026\/03\/KuningriikSWE-FBIG-POST-1-scaled.jpg 2048w\" sizes=\"auto, (max-width: 696px) 100vw, 696px\" \/><br \/>\n<\/span><\/p>\n<p><img loading=\"lazy\" decoding=\"async\" class=\"alignnone wp-image-2242 size-large\" src=\"https:\/\/rahvuslikkontakt.se\/wp-content\/uploads\/2026\/03\/ZETOD-FBIG-POST-819x1024.jpg\" alt=\"\" width=\"696\" height=\"870\" srcset=\"https:\/\/rahvuslikkontakt.se\/wp-content\/uploads\/2026\/03\/ZETOD-FBIG-POST-819x1024.jpg 819w, https:\/\/rahvuslikkontakt.se\/wp-content\/uploads\/2026\/03\/ZETOD-FBIG-POST-240x300.jpg 240w, https:\/\/rahvuslikkontakt.se\/wp-content\/uploads\/2026\/03\/ZETOD-FBIG-POST-768x960.jpg 768w, https:\/\/rahvuslikkontakt.se\/wp-content\/uploads\/2026\/03\/ZETOD-FBIG-POST-1229x1536.jpg 1229w, https:\/\/rahvuslikkontakt.se\/wp-content\/uploads\/2026\/03\/ZETOD-FBIG-POST-1638x2048.jpg 1638w, https:\/\/rahvuslikkontakt.se\/wp-content\/uploads\/2026\/03\/ZETOD-FBIG-POST.jpg 1830w\" sizes=\"auto, (max-width: 696px) 100vw, 696px\" \/><\/p>\n<p>&nbsp;<\/p>\n","protected":false},"excerpt":{"rendered":"<p>N\u00e4r jag h\u00f6r setospr\u00e5ket f\u00e5r jag en varm och v\u00e4lbekant k\u00e4nsla. Det h\u00e4r \u00e4r min mormors och morfars spr\u00e5k fr\u00e5n Setomaa \u2013 ett spr\u00e5k som jag kan f\u00f6rst\u00e5 n\u00e4stan helt, \u00e4ven om jag inte kan det sj\u00e4lv. Men setokulturen \u00e4r s\u00e5 mycket mer \u00e4n bara spr\u00e5ket. Det \u00e4r s\u00e5ng och dans, folkdr\u00e4kter och smaker, historisk [&hellip;]<\/p>\n","protected":false},"author":1,"featured_media":2289,"comment_status":"open","ping_status":"open","sticky":false,"template":"","format":"standard","meta":{"footnotes":"","_links_to":"","_links_to_target":""},"categories":[30,31,34,48],"tags":[110,111,112,113,109],"class_list":["post-2314","post","type-post","status-publish","format-standard","has-post-thumbnail","hentry","category-kultur","category-kulturarv","category-person","category-stor-berattelse","tag-seto-sv","tag-setomaa-sv","tag-treski-sv","tag-zetod-sv","tag-jalmar-vabarna"],"yoast_head":"<!-- This site is optimized with the Yoast SEO plugin v23.9 - https:\/\/yoast.com\/wordpress\/plugins\/seo\/ -->\n<title>Jalmar Vabarna, setofolkets h\u00f6gsta representant, kommer till Stockholm med en delegation - Rahvuslik Kontakt<\/title>\n<meta name=\"robots\" content=\"index, follow, max-snippet:-1, max-image-preview:large, max-video-preview:-1\" \/>\n<link rel=\"canonical\" href=\"https:\/\/rahvuslikkontakt.se\/sv\/jalmar-vabarna-setofolkets-hogsta-representant-kommer-till-stockholm-med-en-delegation\/\" \/>\n<meta property=\"og:locale\" content=\"sv_SE\" \/>\n<meta property=\"og:type\" content=\"article\" \/>\n<meta property=\"og:title\" content=\"Jalmar Vabarna, setofolkets h\u00f6gsta representant, kommer till Stockholm med en delegation - Rahvuslik Kontakt\" \/>\n<meta property=\"og:description\" content=\"N\u00e4r jag h\u00f6r setospr\u00e5ket f\u00e5r jag en varm och v\u00e4lbekant k\u00e4nsla. Det h\u00e4r \u00e4r min mormors och morfars spr\u00e5k fr\u00e5n Setomaa \u2013 ett spr\u00e5k som jag kan f\u00f6rst\u00e5 n\u00e4stan helt, \u00e4ven om jag inte kan det sj\u00e4lv. Men setokulturen \u00e4r s\u00e5 mycket mer \u00e4n bara spr\u00e5ket. Det \u00e4r s\u00e5ng och dans, folkdr\u00e4kter och smaker, historisk [&hellip;]\" \/>\n<meta property=\"og:url\" content=\"https:\/\/rahvuslikkontakt.se\/sv\/jalmar-vabarna-setofolkets-hogsta-representant-kommer-till-stockholm-med-en-delegation\/\" \/>\n<meta property=\"og:site_name\" content=\"Rahvuslik Kontakt\" \/>\n<meta property=\"article:publisher\" content=\"https:\/\/www.facebook.com\/groups\/413926455353238\" \/>\n<meta property=\"article:published_time\" content=\"2026-03-08T13:41:54+00:00\" \/>\n<meta property=\"article:modified_time\" content=\"2026-05-01T14:11:05+00:00\" \/>\n<meta property=\"og:image\" content=\"https:\/\/rahvuslikkontakt.se\/wp-content\/uploads\/2026\/03\/Jalmar-Vabarna_Foto-SilverTonisson_004_02082025-scaled-1.webp\" \/>\n\t<meta property=\"og:image:width\" content=\"2200\" \/>\n\t<meta property=\"og:image:height\" content=\"1313\" \/>\n\t<meta property=\"og:image:type\" content=\"image\/webp\" \/>\n<meta name=\"author\" content=\"Spirited\" \/>\n<meta name=\"twitter:card\" content=\"summary_large_image\" \/>\n<meta name=\"twitter:creator\" content=\"@Sverigeesterna\" \/>\n<meta name=\"twitter:site\" content=\"@Sverigeesterna\" \/>\n<meta name=\"twitter:label1\" content=\"Skriven av\" \/>\n\t<meta name=\"twitter:data1\" content=\"Spirited\" \/>\n\t<meta name=\"twitter:label2\" content=\"Ber\u00e4knad l\u00e4stid\" \/>\n\t<meta name=\"twitter:data2\" content=\"8 minuter\" \/>\n<script type=\"application\/ld+json\" class=\"yoast-schema-graph\">{\"@context\":\"https:\/\/schema.org\",\"@graph\":[{\"@type\":\"Article\",\"@id\":\"https:\/\/rahvuslikkontakt.se\/sv\/jalmar-vabarna-setofolkets-hogsta-representant-kommer-till-stockholm-med-en-delegation\/#article\",\"isPartOf\":{\"@id\":\"https:\/\/rahvuslikkontakt.se\/sv\/jalmar-vabarna-setofolkets-hogsta-representant-kommer-till-stockholm-med-en-delegation\/\"},\"author\":{\"name\":\"Spirited\",\"@id\":\"https:\/\/rahvuslikkontakt.se\/#\/schema\/person\/bbe8716ce573d8188b927db0af94123b\"},\"headline\":\"Jalmar Vabarna, setofolkets h\u00f6gsta representant, kommer till Stockholm med en delegation\",\"datePublished\":\"2026-03-08T13:41:54+00:00\",\"dateModified\":\"2026-05-01T14:11:05+00:00\",\"mainEntityOfPage\":{\"@id\":\"https:\/\/rahvuslikkontakt.se\/sv\/jalmar-vabarna-setofolkets-hogsta-representant-kommer-till-stockholm-med-en-delegation\/\"},\"wordCount\":1163,\"commentCount\":0,\"publisher\":{\"@id\":\"https:\/\/rahvuslikkontakt.se\/#organization\"},\"image\":{\"@id\":\"https:\/\/rahvuslikkontakt.se\/sv\/jalmar-vabarna-setofolkets-hogsta-representant-kommer-till-stockholm-med-en-delegation\/#primaryimage\"},\"thumbnailUrl\":\"https:\/\/rahvuslikkontakt.se\/wp-content\/uploads\/2026\/03\/Jalmar-Vabarna_Foto-SilverTonisson_004_02082025-scaled-1.webp\",\"keywords\":[\"#seto\",\"#setomaa\",\"#treski\",\"#zetod\",\"Jalmar Vabarna\"],\"articleSection\":[\"Kultur\",\"Kulturarv\",\"Person\",\"Stor ber\u00e4ttelse\"],\"inLanguage\":\"sv-SE\",\"potentialAction\":[{\"@type\":\"CommentAction\",\"name\":\"Comment\",\"target\":[\"https:\/\/rahvuslikkontakt.se\/sv\/jalmar-vabarna-setofolkets-hogsta-representant-kommer-till-stockholm-med-en-delegation\/#respond\"]}]},{\"@type\":\"WebPage\",\"@id\":\"https:\/\/rahvuslikkontakt.se\/sv\/jalmar-vabarna-setofolkets-hogsta-representant-kommer-till-stockholm-med-en-delegation\/\",\"url\":\"https:\/\/rahvuslikkontakt.se\/sv\/jalmar-vabarna-setofolkets-hogsta-representant-kommer-till-stockholm-med-en-delegation\/\",\"name\":\"Jalmar Vabarna, setofolkets h\u00f6gsta representant, kommer till Stockholm med en delegation - Rahvuslik Kontakt\",\"isPartOf\":{\"@id\":\"https:\/\/rahvuslikkontakt.se\/#website\"},\"primaryImageOfPage\":{\"@id\":\"https:\/\/rahvuslikkontakt.se\/sv\/jalmar-vabarna-setofolkets-hogsta-representant-kommer-till-stockholm-med-en-delegation\/#primaryimage\"},\"image\":{\"@id\":\"https:\/\/rahvuslikkontakt.se\/sv\/jalmar-vabarna-setofolkets-hogsta-representant-kommer-till-stockholm-med-en-delegation\/#primaryimage\"},\"thumbnailUrl\":\"https:\/\/rahvuslikkontakt.se\/wp-content\/uploads\/2026\/03\/Jalmar-Vabarna_Foto-SilverTonisson_004_02082025-scaled-1.webp\",\"datePublished\":\"2026-03-08T13:41:54+00:00\",\"dateModified\":\"2026-05-01T14:11:05+00:00\",\"breadcrumb\":{\"@id\":\"https:\/\/rahvuslikkontakt.se\/sv\/jalmar-vabarna-setofolkets-hogsta-representant-kommer-till-stockholm-med-en-delegation\/#breadcrumb\"},\"inLanguage\":\"sv-SE\",\"potentialAction\":[{\"@type\":\"ReadAction\",\"target\":[\"https:\/\/rahvuslikkontakt.se\/sv\/jalmar-vabarna-setofolkets-hogsta-representant-kommer-till-stockholm-med-en-delegation\/\"]}]},{\"@type\":\"ImageObject\",\"inLanguage\":\"sv-SE\",\"@id\":\"https:\/\/rahvuslikkontakt.se\/sv\/jalmar-vabarna-setofolkets-hogsta-representant-kommer-till-stockholm-med-en-delegation\/#primaryimage\",\"url\":\"https:\/\/rahvuslikkontakt.se\/wp-content\/uploads\/2026\/03\/Jalmar-Vabarna_Foto-SilverTonisson_004_02082025-scaled-1.webp\",\"contentUrl\":\"https:\/\/rahvuslikkontakt.se\/wp-content\/uploads\/2026\/03\/Jalmar-Vabarna_Foto-SilverTonisson_004_02082025-scaled-1.webp\",\"width\":2200,\"height\":1313,\"caption\":\"Jalmar Vabarna. Foto: Silver T\u00f5nisson\"},{\"@type\":\"BreadcrumbList\",\"@id\":\"https:\/\/rahvuslikkontakt.se\/sv\/jalmar-vabarna-setofolkets-hogsta-representant-kommer-till-stockholm-med-en-delegation\/#breadcrumb\",\"itemListElement\":[{\"@type\":\"ListItem\",\"position\":1,\"name\":\"Home\",\"item\":\"https:\/\/rahvuslikkontakt.se\/sv\/\"},{\"@type\":\"ListItem\",\"position\":2,\"name\":\"Jalmar Vabarna, setofolkets h\u00f6gsta representant, kommer till Stockholm med en delegation\"}]},{\"@type\":\"WebSite\",\"@id\":\"https:\/\/rahvuslikkontakt.se\/#website\",\"url\":\"https:\/\/rahvuslikkontakt.se\/\",\"name\":\"Rahvuslik Kontakt\",\"description\":\"\",\"publisher\":{\"@id\":\"https:\/\/rahvuslikkontakt.se\/#organization\"},\"potentialAction\":[{\"@type\":\"SearchAction\",\"target\":{\"@type\":\"EntryPoint\",\"urlTemplate\":\"https:\/\/rahvuslikkontakt.se\/?s={search_term_string}\"},\"query-input\":{\"@type\":\"PropertyValueSpecification\",\"valueRequired\":true,\"valueName\":\"search_term_string\"}}],\"inLanguage\":\"sv-SE\"},{\"@type\":\"Organization\",\"@id\":\"https:\/\/rahvuslikkontakt.se\/#organization\",\"name\":\"Rahvuslik Kontakt\",\"url\":\"https:\/\/rahvuslikkontakt.se\/\",\"logo\":{\"@type\":\"ImageObject\",\"inLanguage\":\"sv-SE\",\"@id\":\"https:\/\/rahvuslikkontakt.se\/#\/schema\/logo\/image\/\",\"url\":\"https:\/\/rahvuslikkontakt.se\/wp-content\/uploads\/2023\/11\/Footer-logo.webp\",\"contentUrl\":\"https:\/\/rahvuslikkontakt.se\/wp-content\/uploads\/2023\/11\/Footer-logo.webp\",\"width\":1200,\"height\":300,\"caption\":\"Rahvuslik Kontakt\"},\"image\":{\"@id\":\"https:\/\/rahvuslikkontakt.se\/#\/schema\/logo\/image\/\"},\"sameAs\":[\"https:\/\/www.facebook.com\/groups\/413926455353238\",\"https:\/\/x.com\/Sverigeesterna\",\"https:\/\/www.instagram.com\/sverigeesterna\/\",\"https:\/\/www.youtube.com\/channel\/UCrx0OUO2vQAEvysvMrwq5xQ\"]},{\"@type\":\"Person\",\"@id\":\"https:\/\/rahvuslikkontakt.se\/#\/schema\/person\/bbe8716ce573d8188b927db0af94123b\",\"name\":\"Spirited\",\"image\":{\"@type\":\"ImageObject\",\"inLanguage\":\"sv-SE\",\"@id\":\"https:\/\/rahvuslikkontakt.se\/#\/schema\/person\/image\/\",\"url\":\"https:\/\/secure.gravatar.com\/avatar\/cdaa8b7df814180be6f2d094d6831427afb3ffe9161163deaf974cb1f258df6d?s=96&d=mm&r=g\",\"contentUrl\":\"https:\/\/secure.gravatar.com\/avatar\/cdaa8b7df814180be6f2d094d6831427afb3ffe9161163deaf974cb1f258df6d?s=96&d=mm&r=g\",\"caption\":\"Spirited\"},\"sameAs\":[\"https:\/\/rahvuslikkontakt.se\"],\"url\":\"https:\/\/rahvuslikkontakt.se\/sv\/author\/spirited\/\"}]}<\/script>\n<!-- \/ Yoast SEO plugin. -->","yoast_head_json":{"title":"Jalmar Vabarna, setofolkets h\u00f6gsta representant, kommer till Stockholm med en delegation - Rahvuslik Kontakt","robots":{"index":"index","follow":"follow","max-snippet":"max-snippet:-1","max-image-preview":"max-image-preview:large","max-video-preview":"max-video-preview:-1"},"canonical":"https:\/\/rahvuslikkontakt.se\/sv\/jalmar-vabarna-setofolkets-hogsta-representant-kommer-till-stockholm-med-en-delegation\/","og_locale":"sv_SE","og_type":"article","og_title":"Jalmar Vabarna, setofolkets h\u00f6gsta representant, kommer till Stockholm med en delegation - Rahvuslik Kontakt","og_description":"N\u00e4r jag h\u00f6r setospr\u00e5ket f\u00e5r jag en varm och v\u00e4lbekant k\u00e4nsla. Det h\u00e4r \u00e4r min mormors och morfars spr\u00e5k fr\u00e5n Setomaa \u2013 ett spr\u00e5k som jag kan f\u00f6rst\u00e5 n\u00e4stan helt, \u00e4ven om jag inte kan det sj\u00e4lv. Men setokulturen \u00e4r s\u00e5 mycket mer \u00e4n bara spr\u00e5ket. Det \u00e4r s\u00e5ng och dans, folkdr\u00e4kter och smaker, historisk [&hellip;]","og_url":"https:\/\/rahvuslikkontakt.se\/sv\/jalmar-vabarna-setofolkets-hogsta-representant-kommer-till-stockholm-med-en-delegation\/","og_site_name":"Rahvuslik Kontakt","article_publisher":"https:\/\/www.facebook.com\/groups\/413926455353238","article_published_time":"2026-03-08T13:41:54+00:00","article_modified_time":"2026-05-01T14:11:05+00:00","og_image":[{"width":2200,"height":1313,"url":"https:\/\/rahvuslikkontakt.se\/wp-content\/uploads\/2026\/03\/Jalmar-Vabarna_Foto-SilverTonisson_004_02082025-scaled-1.webp","type":"image\/webp"}],"author":"Spirited","twitter_card":"summary_large_image","twitter_creator":"@Sverigeesterna","twitter_site":"@Sverigeesterna","twitter_misc":{"Skriven av":"Spirited","Ber\u00e4knad l\u00e4stid":"8 minuter"},"schema":{"@context":"https:\/\/schema.org","@graph":[{"@type":"Article","@id":"https:\/\/rahvuslikkontakt.se\/sv\/jalmar-vabarna-setofolkets-hogsta-representant-kommer-till-stockholm-med-en-delegation\/#article","isPartOf":{"@id":"https:\/\/rahvuslikkontakt.se\/sv\/jalmar-vabarna-setofolkets-hogsta-representant-kommer-till-stockholm-med-en-delegation\/"},"author":{"name":"Spirited","@id":"https:\/\/rahvuslikkontakt.se\/#\/schema\/person\/bbe8716ce573d8188b927db0af94123b"},"headline":"Jalmar Vabarna, setofolkets h\u00f6gsta representant, kommer till Stockholm med en delegation","datePublished":"2026-03-08T13:41:54+00:00","dateModified":"2026-05-01T14:11:05+00:00","mainEntityOfPage":{"@id":"https:\/\/rahvuslikkontakt.se\/sv\/jalmar-vabarna-setofolkets-hogsta-representant-kommer-till-stockholm-med-en-delegation\/"},"wordCount":1163,"commentCount":0,"publisher":{"@id":"https:\/\/rahvuslikkontakt.se\/#organization"},"image":{"@id":"https:\/\/rahvuslikkontakt.se\/sv\/jalmar-vabarna-setofolkets-hogsta-representant-kommer-till-stockholm-med-en-delegation\/#primaryimage"},"thumbnailUrl":"https:\/\/rahvuslikkontakt.se\/wp-content\/uploads\/2026\/03\/Jalmar-Vabarna_Foto-SilverTonisson_004_02082025-scaled-1.webp","keywords":["#seto","#setomaa","#treski","#zetod","Jalmar Vabarna"],"articleSection":["Kultur","Kulturarv","Person","Stor ber\u00e4ttelse"],"inLanguage":"sv-SE","potentialAction":[{"@type":"CommentAction","name":"Comment","target":["https:\/\/rahvuslikkontakt.se\/sv\/jalmar-vabarna-setofolkets-hogsta-representant-kommer-till-stockholm-med-en-delegation\/#respond"]}]},{"@type":"WebPage","@id":"https:\/\/rahvuslikkontakt.se\/sv\/jalmar-vabarna-setofolkets-hogsta-representant-kommer-till-stockholm-med-en-delegation\/","url":"https:\/\/rahvuslikkontakt.se\/sv\/jalmar-vabarna-setofolkets-hogsta-representant-kommer-till-stockholm-med-en-delegation\/","name":"Jalmar Vabarna, setofolkets h\u00f6gsta representant, kommer till Stockholm med en delegation - Rahvuslik Kontakt","isPartOf":{"@id":"https:\/\/rahvuslikkontakt.se\/#website"},"primaryImageOfPage":{"@id":"https:\/\/rahvuslikkontakt.se\/sv\/jalmar-vabarna-setofolkets-hogsta-representant-kommer-till-stockholm-med-en-delegation\/#primaryimage"},"image":{"@id":"https:\/\/rahvuslikkontakt.se\/sv\/jalmar-vabarna-setofolkets-hogsta-representant-kommer-till-stockholm-med-en-delegation\/#primaryimage"},"thumbnailUrl":"https:\/\/rahvuslikkontakt.se\/wp-content\/uploads\/2026\/03\/Jalmar-Vabarna_Foto-SilverTonisson_004_02082025-scaled-1.webp","datePublished":"2026-03-08T13:41:54+00:00","dateModified":"2026-05-01T14:11:05+00:00","breadcrumb":{"@id":"https:\/\/rahvuslikkontakt.se\/sv\/jalmar-vabarna-setofolkets-hogsta-representant-kommer-till-stockholm-med-en-delegation\/#breadcrumb"},"inLanguage":"sv-SE","potentialAction":[{"@type":"ReadAction","target":["https:\/\/rahvuslikkontakt.se\/sv\/jalmar-vabarna-setofolkets-hogsta-representant-kommer-till-stockholm-med-en-delegation\/"]}]},{"@type":"ImageObject","inLanguage":"sv-SE","@id":"https:\/\/rahvuslikkontakt.se\/sv\/jalmar-vabarna-setofolkets-hogsta-representant-kommer-till-stockholm-med-en-delegation\/#primaryimage","url":"https:\/\/rahvuslikkontakt.se\/wp-content\/uploads\/2026\/03\/Jalmar-Vabarna_Foto-SilverTonisson_004_02082025-scaled-1.webp","contentUrl":"https:\/\/rahvuslikkontakt.se\/wp-content\/uploads\/2026\/03\/Jalmar-Vabarna_Foto-SilverTonisson_004_02082025-scaled-1.webp","width":2200,"height":1313,"caption":"Jalmar Vabarna. Foto: Silver T\u00f5nisson"},{"@type":"BreadcrumbList","@id":"https:\/\/rahvuslikkontakt.se\/sv\/jalmar-vabarna-setofolkets-hogsta-representant-kommer-till-stockholm-med-en-delegation\/#breadcrumb","itemListElement":[{"@type":"ListItem","position":1,"name":"Home","item":"https:\/\/rahvuslikkontakt.se\/sv\/"},{"@type":"ListItem","position":2,"name":"Jalmar Vabarna, setofolkets h\u00f6gsta representant, kommer till Stockholm med en delegation"}]},{"@type":"WebSite","@id":"https:\/\/rahvuslikkontakt.se\/#website","url":"https:\/\/rahvuslikkontakt.se\/","name":"Rahvuslik Kontakt","description":"","publisher":{"@id":"https:\/\/rahvuslikkontakt.se\/#organization"},"potentialAction":[{"@type":"SearchAction","target":{"@type":"EntryPoint","urlTemplate":"https:\/\/rahvuslikkontakt.se\/?s={search_term_string}"},"query-input":{"@type":"PropertyValueSpecification","valueRequired":true,"valueName":"search_term_string"}}],"inLanguage":"sv-SE"},{"@type":"Organization","@id":"https:\/\/rahvuslikkontakt.se\/#organization","name":"Rahvuslik Kontakt","url":"https:\/\/rahvuslikkontakt.se\/","logo":{"@type":"ImageObject","inLanguage":"sv-SE","@id":"https:\/\/rahvuslikkontakt.se\/#\/schema\/logo\/image\/","url":"https:\/\/rahvuslikkontakt.se\/wp-content\/uploads\/2023\/11\/Footer-logo.webp","contentUrl":"https:\/\/rahvuslikkontakt.se\/wp-content\/uploads\/2023\/11\/Footer-logo.webp","width":1200,"height":300,"caption":"Rahvuslik Kontakt"},"image":{"@id":"https:\/\/rahvuslikkontakt.se\/#\/schema\/logo\/image\/"},"sameAs":["https:\/\/www.facebook.com\/groups\/413926455353238","https:\/\/x.com\/Sverigeesterna","https:\/\/www.instagram.com\/sverigeesterna\/","https:\/\/www.youtube.com\/channel\/UCrx0OUO2vQAEvysvMrwq5xQ"]},{"@type":"Person","@id":"https:\/\/rahvuslikkontakt.se\/#\/schema\/person\/bbe8716ce573d8188b927db0af94123b","name":"Spirited","image":{"@type":"ImageObject","inLanguage":"sv-SE","@id":"https:\/\/rahvuslikkontakt.se\/#\/schema\/person\/image\/","url":"https:\/\/secure.gravatar.com\/avatar\/cdaa8b7df814180be6f2d094d6831427afb3ffe9161163deaf974cb1f258df6d?s=96&d=mm&r=g","contentUrl":"https:\/\/secure.gravatar.com\/avatar\/cdaa8b7df814180be6f2d094d6831427afb3ffe9161163deaf974cb1f258df6d?s=96&d=mm&r=g","caption":"Spirited"},"sameAs":["https:\/\/rahvuslikkontakt.se"],"url":"https:\/\/rahvuslikkontakt.se\/sv\/author\/spirited\/"}]}},"_links":{"self":[{"href":"https:\/\/rahvuslikkontakt.se\/sv\/wp-json\/wp\/v2\/posts\/2314","targetHints":{"allow":["GET"]}}],"collection":[{"href":"https:\/\/rahvuslikkontakt.se\/sv\/wp-json\/wp\/v2\/posts"}],"about":[{"href":"https:\/\/rahvuslikkontakt.se\/sv\/wp-json\/wp\/v2\/types\/post"}],"author":[{"embeddable":true,"href":"https:\/\/rahvuslikkontakt.se\/sv\/wp-json\/wp\/v2\/users\/1"}],"replies":[{"embeddable":true,"href":"https:\/\/rahvuslikkontakt.se\/sv\/wp-json\/wp\/v2\/comments?post=2314"}],"version-history":[{"count":15,"href":"https:\/\/rahvuslikkontakt.se\/sv\/wp-json\/wp\/v2\/posts\/2314\/revisions"}],"predecessor-version":[{"id":2359,"href":"https:\/\/rahvuslikkontakt.se\/sv\/wp-json\/wp\/v2\/posts\/2314\/revisions\/2359"}],"wp:featuredmedia":[{"embeddable":true,"href":"https:\/\/rahvuslikkontakt.se\/sv\/wp-json\/wp\/v2\/media\/2289"}],"wp:attachment":[{"href":"https:\/\/rahvuslikkontakt.se\/sv\/wp-json\/wp\/v2\/media?parent=2314"}],"wp:term":[{"taxonomy":"category","embeddable":true,"href":"https:\/\/rahvuslikkontakt.se\/sv\/wp-json\/wp\/v2\/categories?post=2314"},{"taxonomy":"post_tag","embeddable":true,"href":"https:\/\/rahvuslikkontakt.se\/sv\/wp-json\/wp\/v2\/tags?post=2314"}],"curies":[{"name":"wp","href":"https:\/\/api.w.org\/{rel}","templated":true}]}}