{"id":2312,"date":"2026-04-30T17:03:42","date_gmt":"2026-04-30T14:03:42","guid":{"rendered":"https:\/\/rahvuslikkontakt.se\/?p=2312"},"modified":"2026-04-30T17:04:21","modified_gmt":"2026-04-30T14:04:21","slug":"lauludest-ja-malust-juurtest-ja-tulevikust","status":"publish","type":"post","link":"https:\/\/rahvuslikkontakt.se\/sv\/lauludest-ja-malust-juurtest-ja-tulevikust\/","title":{"rendered":"Lauludest ja m\u00e4lust, juurtest ja tulevikust"},"content":{"rendered":"<h4>Kohtume Sofiaga virtuaalselt Zoomi kaudu: tema on Helsingis, mina Stockholmis.<\/h4>\n<h4>Sofia, sinu \u00c5bo Akademis (rootsikeelne \u00fclikool Turus) eelmisel kevadel kaitstud doktorit\u00f6\u00f6 eestirootslaste identiteedist on saanud v\u00e4ga head tagasisidet nii Eestis, Soomes kui Rootsis. R\u00e4\u00e4gi sellest uurimist\u00f6\u00f6st veidi l\u00e4hemalt.<\/h4>\n<p>Doktorit\u00f6\u00f6 pealkirja valikul \u201eNad olid nagu v\u00f5\u00f5rad ja siiski omad: Eestirootslaste identiteedivormimine laulude abil\u201d sain inspiratsiooni \u00fchest 1930. aastal ilmunud artiklist, mis kajastas Vormsi rannarootslaste koori lavastust \u201eTalupojapulm Vormsil\u201d Skansenis. Ajakirjanikul oli raske neid m\u00e4\u00e4ratleda. Kui nad laulsid rootsi keeles, siis ta sai aru, et nad olid rootslased, aga kui nad laulsid murdekeeles, siis ta k\u00f5hkles, kas see oli rootsi murre v\u00f5i eesti keel? Vormsi koori Rootsi ringreisi l\u00e4hemalt uurides sain teada, et selle korraldas Rahvuslik \u00dching Rootsluse S\u00e4ilitamiseks V\u00e4lismaal, kes soovis tutvustada eestirootslasi ja n\u00e4idata, et nad olid haritud, oskasid rootsi keelt ning olid Eestis elades kujundanud oma identiteedi, samal ajal vajades tuge Rootsilt.<\/p>\n<p><span style=\"font-weight: 400;\"><img loading=\"lazy\" decoding=\"async\" class=\"alignright wp-image-2265\" src=\"https:\/\/rahvuslikkontakt.se\/wp-content\/uploads\/2026\/03\/Sofia-Turus.jpg\" alt=\"\" width=\"300\" height=\"533\" srcset=\"https:\/\/rahvuslikkontakt.se\/wp-content\/uploads\/2026\/03\/Sofia-Turus.jpg 1201w, https:\/\/rahvuslikkontakt.se\/wp-content\/uploads\/2026\/03\/Sofia-Turus-169x300.jpg 169w, https:\/\/rahvuslikkontakt.se\/wp-content\/uploads\/2026\/03\/Sofia-Turus-576x1024.jpg 576w, https:\/\/rahvuslikkontakt.se\/wp-content\/uploads\/2026\/03\/Sofia-Turus-768x1365.jpg 768w, https:\/\/rahvuslikkontakt.se\/wp-content\/uploads\/2026\/03\/Sofia-Turus-864x1536.jpg 864w, https:\/\/rahvuslikkontakt.se\/wp-content\/uploads\/2026\/03\/Sofia-Turus-1153x2048.jpg 1153w\" sizes=\"auto, (max-width: 300px) 100vw, 300px\" \/><\/span><\/p>\n<p>Minu uurimist\u00f6\u00f6 koosneb kolmest artiklist, milles ma esitlen vastuseid k\u00fcsimusele, kuidas laulud aitasid alates 19. sajandi keskpaigast kujundada, v\u00e4ljendada ja tugevdada erinevaid eestirootsluse vorme. Uurisin eestirootslasest k\u00fclalauliku Mats Ekmani kirjutatud lauluviise, autorilaule, traditsiooniliste Vormsi pulmalaulude esitamist ja k\u00e4sikirjalisi lauluraamatuid. Kuna anal\u00fc\u00fcs p\u00f5hineb laulude sotsiaalsete kontekstide rekonstruktsioonil, kasutasin palju arhiivimaterjale, ajaleheartikleid, intervjuusid ja kirjavahetusi.<\/p>\n<p>Kui t\u00f6\u00f6 alguses oli mul ainult \u00fche oma Naissaarelt p\u00e4rit sugulase k\u00e4sitsi kirjutatud laulik, siis \u00fcleskutse peale sain kokku 28 k\u00e4sitsi kirjutatud laulikut aastatest 1860\u20131984. Haapsalust p\u00e4rit Agneta Tominga laulikust leidsin \u00fche Ruhnu h\u00fclgek\u00fcti laulu, mis oli Gotlandilt kaasa toodud, kui Juhan Mass oli veel noor, nii umbes 1860. aastal.\u00a0<\/p>\n<p>Laulikute l\u00e4bit\u00f6\u00f6tamisel anal\u00fc\u00fcsisin ka kultuurikontakte teiste L\u00e4\u00e4nemere maadega. Huvitav oli m\u00e4rgata, et vaimulikud laulud olid ainult rootsi keeles, samas kui ilmalikud laulud olid sageli rootsi ja eesti keeles v\u00f5i ka murdekeeltes. T\u00f5eline kultuurip\u00e4rand!\u00a0 Et uurimist\u00f6\u00f6 sai nii hea ja uudne, on suur teene ka minu juhendajatel Johannes Brusilal ja Dan Lundbergil ning mind inspireerinud ja toetanud soomerootslastest, soomlastest, rootslastest ja eestlastest kolleegidel.\u00a0<\/p>\n<p>Mul on v\u00e4ga hea meel, et minu uurimist\u00f6\u00f6d on m\u00e4rgatud ja mulle on m\u00e4\u00e4ratud Hallbergi preemia (<em>Hallbergska priset<\/em>). Tegemist on riigin\u00f5unik Mauritz Hallbergi nimelise auhinnaga, mida alates 1920. aastast antakse teadlastele, kes on \u201erootsikeelses originaalt\u00f6\u00f6s n\u00e4idanud silmapaistvat teadust\u00f6\u00f6d Soomes.\u201d Vaid \u00fcks muusikateadlane on saanud selle enne mind. Preemiasumma on 25 000 eurot ja selle annab v\u00e4lja Rootsi Kirjanduse Selts Soomes. Auhinna pidulik \u00fcleandmine toimus 16. mail Rootsi Klubis Helsingis.<\/p>\n<p>Samal ajal, kui sain Turus k\u00e4tte doktorikraadi ja prestii\u017esed teaduspreemiad Soomes ning Rootsis, avati Tartus Eesti Rahva Muuseumis suur n\u00e4itus eestirootslastest \u201eRannarootslased \u2013 Estlandssvenskar \u2013 randunud ja juurdunud\u201d. Ma t\u00f6\u00f6tasin kuraatorina muusika, identiteedi ja moderniseerumise teemadel. Umbes 800 m2 suurune n\u00e4itus on avatud kuni 2026. aasta juunini ning 18.\u201320. m\u00e4rtsil toimub rahvusvaheline konverents, kus osalevad Eesti, Rootsi ja Soome esindajad.<\/p>\n<p><img loading=\"lazy\" decoding=\"async\" class=\"alignnone wp-image-2267 size-large\" src=\"https:\/\/rahvuslikkontakt.se\/wp-content\/uploads\/2026\/03\/Sofia-ERMis-1024x768.jpeg\" alt=\"\" width=\"696\" height=\"522\" srcset=\"https:\/\/rahvuslikkontakt.se\/wp-content\/uploads\/2026\/03\/Sofia-ERMis-1024x768.jpeg 1024w, https:\/\/rahvuslikkontakt.se\/wp-content\/uploads\/2026\/03\/Sofia-ERMis-300x225.jpeg 300w, https:\/\/rahvuslikkontakt.se\/wp-content\/uploads\/2026\/03\/Sofia-ERMis-768x576.jpeg 768w, https:\/\/rahvuslikkontakt.se\/wp-content\/uploads\/2026\/03\/Sofia-ERMis-80x60.jpeg 80w, https:\/\/rahvuslikkontakt.se\/wp-content\/uploads\/2026\/03\/Sofia-ERMis-160x120.jpeg 160w, https:\/\/rahvuslikkontakt.se\/wp-content\/uploads\/2026\/03\/Sofia-ERMis.jpeg 1440w\" sizes=\"auto, (max-width: 696px) 100vw, 696px\" \/><\/p>\n<h4>Mis edasi?\u00a0<\/h4>\n<p><span style=\"font-weight: 400;\">Mul \u00f5nnestus saada Bernadotte\u2019i programmi teadusstipendium oma j\u00e4rgmise projekti jaoks: \u201eViisid, mis s\u00fcndisid siis, kui arvati, et kultuur on v\u00e4lja surnud\u201d. Hakkan uurima laulude kaudu seda, kuidas rootsieestlaste kultuur hakkas muutuma p\u00e4rast s\u00f5da. Olen juba alustanud laulude kogumist aastatest 1940\u20131991. M\u00f5ned neist on standardrootsi keeles, teised eestirootsi murdekeeltes. Uurin ka, milliseid viise nad kasutasid ja mida oma lauludes v\u00e4ljendasid.\u00a0<\/span><\/p>\n<p><span style=\"font-weight: 400;\">Kui m\u00f5nel lugejal on p\u00e4rast s\u00f5da loodud laule rootsi ja\/v\u00f5i eesti keeles, siis olen nendest huvitatud.<\/span><\/p>\n<p><span style=\"font-weight: 400;\">Selle stipendiumi eesm\u00e4rk on pakkuda v\u00f5imalust teaduslikuks ja kunstiliseks s\u00fcvenemiseks ning laiendada stipendiaadi akadeemilist v\u00f5rgustikku v\u00e4ljapoole oma otsest eriala ja aidata omakorda rikastada seda v\u00f5rgustikku oma teadmiste ja kogemustega. Bernadotte\u2019i programm on viie kuningliku akadeemia \u2013 Kuninglik Muusikaakadeemia, Kunstiakadeemia, Kuningliku Vitterhetsi Akadeemia, Rootsi Akadeemia ja Kuningas Gustav Adolfi Akadeemia \u2013 koost\u00f6\u00f6vorm, mis pakub stipendiaatidele ligip\u00e4\u00e4su akadeemiate \u00fchisele p\u00e4devusele ja kogemustele.\u00a0<\/span><\/p>\n<p><span style=\"font-weight: 400;\">K\u00e4isin Stockholmis teadusstipendiumi vastu v\u00f5tmas 20. mail, kusjuures selle andis \u00fcle Rootsi kuningas isiklikult kuningalossis. Ma kohtusin esimest korda kuninga ja kuningannaga Haapsalus 2002, kui me andsime v\u00e4lja esimese albumi ansambliga Strand \u2026 Rand. N\u00fc\u00fcd kinkisin kuningale oma kolmanda plaadi \u201eP\u00f5hjast t\u00f5usvad iilid\u201c. Lisaks eesti- ja rootsikeelsetele lauludele sisaldab see ka rannarootsi murdekeelseid lugusid, mida olen harjutanud keeleteadlase ja murdekeele uurija Ida V\u00e4sterdaliga G\u00f6teborgi \u00fclikoolist. Peale minu esitavad lugusid sellel plaadil ka Meelika Hainsoo (laul ja viiul), Robert J\u00fcrjendal (kitarr) ja Mall Ney (harmoonium), kes me \u00fcheskoos moodustame ansambli Strand\u2026 Rand.\u00a0<\/span><\/p>\n<p><img loading=\"lazy\" decoding=\"async\" class=\"alignnone wp-image-2269 size-large\" src=\"https:\/\/rahvuslikkontakt.se\/wp-content\/uploads\/2026\/03\/Sofia-Bernadotteprogrammi-stipendiaatide-ja-kuningaga-1024x800.jpeg\" alt=\"\" width=\"696\" height=\"544\" srcset=\"https:\/\/rahvuslikkontakt.se\/wp-content\/uploads\/2026\/03\/Sofia-Bernadotteprogrammi-stipendiaatide-ja-kuningaga-1024x800.jpeg 1024w, https:\/\/rahvuslikkontakt.se\/wp-content\/uploads\/2026\/03\/Sofia-Bernadotteprogrammi-stipendiaatide-ja-kuningaga-300x234.jpeg 300w, https:\/\/rahvuslikkontakt.se\/wp-content\/uploads\/2026\/03\/Sofia-Bernadotteprogrammi-stipendiaatide-ja-kuningaga-768x600.jpeg 768w, https:\/\/rahvuslikkontakt.se\/wp-content\/uploads\/2026\/03\/Sofia-Bernadotteprogrammi-stipendiaatide-ja-kuningaga-1536x1200.jpeg 1536w, https:\/\/rahvuslikkontakt.se\/wp-content\/uploads\/2026\/03\/Sofia-Bernadotteprogrammi-stipendiaatide-ja-kuningaga.jpeg 2048w\" sizes=\"auto, (max-width: 696px) 100vw, 696px\" \/><\/p>\n<h4>Kuidas seda plaati osta saab?\u00a0<\/h4>\n<p><span style=\"font-weight: 400;\">Plaadid on Eestis m\u00fc\u00fcgil ERM-i ja Rannarootsi muuseumi poodides ning raamatupoodides Rahva Raamat ja Apollo. Kui te soovite plaati tellida, siis p\u00f6\u00f6rduge Rannarootslaste \u00fchingu SOV poole Stockholmi Eesti Majas v\u00f5i tellige playgroundmusic.com veebilehelt. Plaati saab ka digitaalselt soetada veebilehelt bandcamp.com.\u00a0<\/span><\/p>\n<p><img loading=\"lazy\" decoding=\"async\" class=\"alignnone wp-image-2273 size-large\" src=\"https:\/\/rahvuslikkontakt.se\/wp-content\/uploads\/2026\/03\/Strand-Rand-kaanepilt-1024x922.png\" alt=\"\" width=\"696\" height=\"627\" srcset=\"https:\/\/rahvuslikkontakt.se\/wp-content\/uploads\/2026\/03\/Strand-Rand-kaanepilt-1024x922.png 1024w, https:\/\/rahvuslikkontakt.se\/wp-content\/uploads\/2026\/03\/Strand-Rand-kaanepilt-300x270.png 300w, https:\/\/rahvuslikkontakt.se\/wp-content\/uploads\/2026\/03\/Strand-Rand-kaanepilt-768x692.png 768w, https:\/\/rahvuslikkontakt.se\/wp-content\/uploads\/2026\/03\/Strand-Rand-kaanepilt.png 1426w\" sizes=\"auto, (max-width: 696px) 100vw, 696px\" \/><\/p>\n<h4>R\u00e4\u00e4gi oma uuest plaadist l\u00e4hemalt<\/h4>\n<p><span style=\"font-weight: 400;\">Muusika kirjeldamiseks on s\u00f5nu alati raske leida. Selle plaadi l\u00e4bivat m\u00f5tet tutvustame j\u00e4rgmiselt:\u00a0<\/span><\/p>\n<p><i><span style=\"font-weight: 400;\">Tuuled on toonud ja veed viinud inimesi ning laule L\u00e4\u00e4nemere rannalt rannale l\u00e4bi aegade. Toovad ja viivad ka praegu. Laulame laule, mis on j\u00f5udnud Rootsist Eestisse ja siin juurdunud. Samuti neid, mis on rannarootslaste loodud \u2013 esialgu oma kodusaartel ja -k\u00fclades Eestis, p\u00e4rast II maailmas\u00f5da Rootsis, s\u00fcdamed t\u00e4is koduigatsust.\u00a0<\/span><\/i><\/p>\n<p><span style=\"font-weight: 400;\">Kui oleks olemas \u017eanr nimega \u201edokumentaal-laul\u201c, kuuluks Strand &#8230; Randi muusika sellesse \u017eanrisse. Albumile \u201eP\u00f5hjast t\u00f5usvad iilid\u201c valitud laulud kannavad j\u00e4lgi nende lugude lauljatest ja nende eluteedest \u2013 kus nad k\u00e4isid, kuhu elu neid viis, keda nad kohtasid ja mida tundsid. Pole vahet, kas laul on autorilaul, p\u00e4rimuslaul v\u00f5i oma aja poplaul, on selge, et need lood on olnud esitajatele olulised ja aidanud elada. Mina ja Meelika p\u00f5imime laulud rootsi, eesti ja eestirootslaste murdekeeltes \u00fcheks k\u00f5lavaks mitmekeelseks tervikuks, mida Robert ja Mall aitavad esile t\u00f5sta kitarri ja harmooniumi saatega.\u00a0<\/span><\/p>\n<p><img loading=\"lazy\" decoding=\"async\" class=\"alignnone wp-image-2271 size-large\" src=\"https:\/\/rahvuslikkontakt.se\/wp-content\/uploads\/2026\/03\/Meelika-Hainsoo-ja-Sofia-Joons-stuudios-lindistamas-1024x683.jpg\" alt=\"\" width=\"696\" height=\"464\" srcset=\"https:\/\/rahvuslikkontakt.se\/wp-content\/uploads\/2026\/03\/Meelika-Hainsoo-ja-Sofia-Joons-stuudios-lindistamas-1024x683.jpg 1024w, https:\/\/rahvuslikkontakt.se\/wp-content\/uploads\/2026\/03\/Meelika-Hainsoo-ja-Sofia-Joons-stuudios-lindistamas-300x200.jpg 300w, https:\/\/rahvuslikkontakt.se\/wp-content\/uploads\/2026\/03\/Meelika-Hainsoo-ja-Sofia-Joons-stuudios-lindistamas-768x512.jpg 768w, https:\/\/rahvuslikkontakt.se\/wp-content\/uploads\/2026\/03\/Meelika-Hainsoo-ja-Sofia-Joons-stuudios-lindistamas-1536x1024.jpg 1536w, https:\/\/rahvuslikkontakt.se\/wp-content\/uploads\/2026\/03\/Meelika-Hainsoo-ja-Sofia-Joons-stuudios-lindistamas-2048x1365.jpg 2048w\" sizes=\"auto, (max-width: 696px) 100vw, 696px\" \/><\/p>\n<p><span style=\"font-weight: 400;\">Laulud jooksevad nagu p\u00e4rlid kees l\u00e4bi sajandi, alustades 1800. aastate keskpaigast. Rahvaviis laulule \u201eDen blomstertid nu kommer\u201d (\u201eN\u00fc\u00fcd tuleb \u00f5iteaeg\u201d) kirjutati \u00fcles Rootsis 1929. aastal, kui Ukrainast saabunud Gammalsvenskby elanikud elasid J\u00f6nk\u00f6pingis vastuv\u00f5tukeskuses.\u00a0<\/span><\/p>\n<p><span style=\"font-weight: 400;\">Eestirootslasest laulupoeedi Mats Ekmani tekstid kujutavad optimismi\u00f5hkkonda, mis valitses Eestirootsi k\u00fclades 20. sajandi algusk\u00fcmnenditel, mil rahvas vabanes nii Vene tsaariv\u00f5imust kui ka baltisaksa parunitest.\u00a0<\/span><\/p>\n<p><span style=\"font-weight: 400;\">Kaks albumi lauludest kirjutasid Rootsis elavad eestirootslased p\u00e4rast Teist maailmas\u00f5da. Need r\u00e4\u00e4givad p\u00f5genemisest \u00fcle L\u00e4\u00e4nemere v\u00e4ikestes paatides ja enamikule uuest tundest <\/span><span style=\"font-weight: 400;\">\u2013 vaiksest, n\u00e4rivast koduigatsusest.<\/span><\/p>\n<p><span style=\"font-weight: 400;\">Plaadi esitluskontserdil astus meiega \u00fcles ka Lauri \u00d5unapuu, kes t\u00f5lkis eesti keelde tuntud laulu \u201eV\u00e5r vindar friska\u201d (\u201eLehtedes kahin\u201d) kolmanda salmi. Seni on lauldud vaid selle kahte esimest, kevadeid\u00fcllist ja noorte armastusest k\u00f5nelevat salmi.\u00a0<\/span><\/p>\n<p><span style=\"font-weight: 400;\">Laulu kirjutas 1828. aastal Kristina Julia Nyberg ja see r\u00e4\u00e4gib noorest naisest, kes saadab oma armastatut s\u00f5tta. Eesti keelde t\u00f5lkis selle laulu kaks esimest salmi Andres Allver juba aastal 1885, kui see oli saanud armastatud koorilauluks, eriti Uppsalas.<\/span><\/p>\n<p><em><span style=\"font-weight: 400;\">Eesti keeles k\u00f5lab laul nii:\u00a0<\/span><\/em><\/p>\n<p><em><span style=\"font-weight: 400;\">Lehtedes sahin, salalik sahin,\u00a0<br \/>\n<\/span><span style=\"font-weight: 400;\">Kevade m\u00e4ngil tuulede hood.\u00a0<br \/>\n<\/span><span style=\"font-weight: 400;\">M\u00e4gedelt alla, j\u00f5gedelt valla<\/span><span style=\"font-weight: 400;\"><br \/>\n<\/span><span style=\"font-weight: 400;\">Ruttavad merde vahused vood.\u00a0<\/span><\/em><\/p>\n<p><em><span style=\"font-weight: 400;\">Tuksu mu s\u00fcda, kuulata s\u00e4\u00e4l,\u00a0<br \/>\n<\/span><span style=\"font-weight: 400;\">Kaebades kaob pasuna h\u00e4\u00e4l!<\/span><span style=\"font-weight: 400;\"><br \/>\n<\/span><span style=\"font-weight: 400;\">Kalamees m\u00e4ngib, kaugele k\u00f5lab<\/span><span style=\"font-weight: 400;\"><br \/>\n<\/span><span style=\"font-weight: 400;\">Lauluviis orus, m\u00e4el.\u00a0<\/span><\/em><\/p>\n<p><em><span style=\"font-weight: 400;\">S\u00fcda mul l\u00f5hkeb, ah kui veel k\u00f5las <\/span><span style=\"font-weight: 400;\"><br \/>\n<\/span><span style=\"font-weight: 400;\">Viimast kord hellalt armsama h\u00e4\u00e4l!<\/span><span style=\"font-weight: 400;\"><br \/>\n<\/span><span style=\"font-weight: 400;\">S\u00fcdames valu, armsamast kahju,<br \/>\n<\/span><span style=\"font-weight: 400;\">Suu surisin ta huulede p\u00e4\u00e4l.\u00a0<\/span><\/em><\/p>\n<p><em><span style=\"font-weight: 400;\">\u00d5ilmetes seisis v\u00f5sa ja niit,\u00a0<br \/>\n<\/span><span style=\"font-weight: 400;\">\u00d6\u00f6bik siis laulis lustilist viit.\u00a0<br \/>\n<\/span><span style=\"font-weight: 400;\">Kalamees m\u00e4ngib, kaugele k\u00f5lab<\/span><span style=\"font-weight: 400;\"><br \/>\n<\/span><span style=\"font-weight: 400;\">Lauluviis orus, m\u00e4el.\u00a0<\/span><\/em><\/p>\n<p><em><span style=\"font-weight: 400;\">Kuu kumab kaasa, \u00f6\u00f6-\u00f5hus tasa<\/span><span style=\"font-weight: 400;\"><br \/>\n<\/span><span style=\"font-weight: 400;\">Nurmedel vaob udude siid,\u00a0<br \/>\n<\/span><span style=\"font-weight: 400;\">Tiibade plagin, naerude lagin,<br \/>\n<\/span><span style=\"font-weight: 400;\">Tantsimas niidul haldjaid on siin.\u00a0<\/span><\/em><\/p>\n<p><em><span style=\"font-weight: 400;\">Uinub siis ohe, hoia mu k\u00e4est<\/span><span style=\"font-weight: 400;\"><br \/>\n<\/span><span style=\"font-weight: 400;\">Enne kui kaugel \u00e4ra siit s\u00e4ed. <\/span><span style=\"font-weight: 400;\"><br \/>\n<\/span><span style=\"font-weight: 400;\">Kalamees m\u00e4ngib, kaugele k\u00f5lab,\u00a0<br \/>\n<\/span><span style=\"font-weight: 400;\">\u00c4rganud orud, m\u00e4ed.\u00a0<\/span><\/em><\/p>\n<h4>Sa olid eelmisel suvel eestirootslaste laulupeo korraldaja ja n\u00fc\u00fcd aitasid kaasa ESTO rahvapeo korraldamisele Narvas. Kas sul on m\u00e4lestusi m\u00f5nest varasemast ESTO-st?<span style=\"font-weight: 400;\">\u00a0<\/span><\/h4>\n<p><span style=\"font-weight: 400;\">Kahjuks mitte. Kui olin 11-aastane ja skaut Bor\u00e5sis, olid vanemad t\u00fcdrukud k\u00e4inud Kanadas ESTO-l, kuid mina olin siis veel liiga noor. J\u00e4in m\u00f5tlema, et miks nad k\u00e4isid just Kanadas ja miks meil on seal nii palju sugulasi. Teise ja kolmanda generatsiooni j\u00e4reltulijad ei pannud alati lapsena pilti kokku. Hiljem olen vaadanud oma vanaisa ja vanaema albumit ning mind on vaimustanud fotod eestlaste kokkusaamistest G\u00f6teborgis 1940. aastate l\u00f5pul. Uskumatu, kui kiiresti ja v\u00e4heste vahenditega k\u00f5ik loodi, et hoida eestlust ja kogukonda v\u00f5\u00f5rsil alles.\u00a0<\/span><\/p>\n<p><span style=\"font-weight: 400;\">Minu isapoolse vanaisa ema on p\u00e4rit Naissaarelt ja ta kohtas minu vanavanaisa Juminda poolsaarel, kui Naissaar t\u00fchjendati tsiviilisikutest esimese maailmas\u00f5ja ajal. Minu isa emapoolne suguv\u00f5sa p\u00e4rineb Viimsist. K\u00f5ik, mis on seotud suurp\u00f5genemise ja punaterroriga, puudutab ka mind. Enne s\u00f5da elas Eestis umbes 8000 eestirootslast, kellest umbes 7000 p\u00f5genes s\u00f5ja ajal Rootsi. Kuigi nende \u00e4ratoomist korraldas suures osas Rootsi riik, t\u00e4hendas see siiski oma kodude mahaj\u00e4tmist. Mitte k\u00f5ik ei p\u00e4\u00e4senud Triina ja Juhani suurte p\u00e4\u00e4steoperatsioonidega. N\u00e4iteks Olle Lindstr\u00f6mi (18-aastaselt) vormsi murdes kirjutatud laul aastast 1943 kirjeldab v\u00e4ikese paadiga p\u00f5genemist Vormsilt \u2013 \u00fcks laps oli alles rinnalaps \u2013, teekonda \u00fcle tormise mere, kohtumist teiste paatidega ning saabumist Sandhamni, kus neid v\u00f5ttis vastu kiriku\u00f5petaja ja laulsid \u00fcheskoos \u201eTryggare kan ingen vara\u201d. See laul r\u00e4\u00e4gib lihtsatest inimestest, kes haarasid v\u00f5imalusest kinni ja v\u00f5itlesid elus p\u00fcsimise eest.\u00a0<\/span><\/p>\n<p><span style=\"font-weight: 400;\">Kui Eesti vabaks sai, oli mul kohe soov Eestisse minna. Esimest korda s\u00f5itsin Eestisse esinema 1991. aasta s\u00fcgisel ning 1994. aastal kolisin sinna \u2013 kaasas jalgratas, suletekk ja viiul. Plaanisin j\u00e4\u00e4da vaid paariks kuuks, kuid j\u00e4in 19 aastaks.\u00a0<\/span><\/p>\n<h4>Lisaks sellele, et sa juhatasid ESTO rahvapidu Narvas, esinesid sa seal ka oma teise ansambliga Naised K\u00f6\u00f6gis. Kuidas sa Helsingis elades ja uurimist\u00f6\u00f6d tehes j\u00f5uad nendega Eestis koos harjutada ja kontserte anda? Mis see on, mis teid Naised K\u00f6\u00f6gis \u00fchendab?\u00a0<\/h4>\n<p><span style=\"font-weight: 400;\">Me kohtusime, kui me k\u00f5ik elasime Viljandis 2008\u20132013. Meil on lapsed samas vanuses ja kohtusime alguses, et meie lapsed saaksid koos m\u00e4ngida, kuid peagi said meist head s\u00f5brad. Me saime koos k\u00f5igest r\u00e4\u00e4kida ja m\u00f5ne aja p\u00e4rast hakkasime r\u00e4\u00e4kimise asemel vormima oma m\u00f5tteid laulus\u00f5nadeks. Esimese plaadi lindistasime, kui Kristiina Ehin oli kolinud Tartusse ja mina Stockholmi. Iga kord, kui meil on esinemised, on meil taaskohtumine ja kui on aeg midagi uut luua, korraldame kirjutamislaagri. Minu arvates see on v\u00e4ga hea kombinatsioon teaduse tegemisega, sest ma pean m\u00f5nikord lahti laskma oma uurimist\u00f6\u00f6st ja hoidma distantsi, siis on just v\u00e4ga hea minna ansambliga Naised K\u00f6\u00f6gis ringreisile.\u00a0<\/span><\/p>\n<p>&nbsp;<\/p>\n<div class=\"plokk-sinine\"><\/p>\n<h4><span style=\"font-weight: 400;\">Sofia Joons<br \/>\n<\/span><\/h4>\n<p><span style=\"font-weight: 400;\">S\u00fcndinud: 1. detsembril 1972 Rootsis Bor\u00e5sis<\/span><span style=\"font-weight: 400;\"><br \/>\n<\/span><span style=\"font-weight: 400;\">Vanemad:\u00a0 Ir\u00e9ne &amp; Erik Joons <\/span><span style=\"font-weight: 400;\"><br \/>\n<\/span><span style=\"font-weight: 400;\">Vanavanemad: <\/span><span style=\"font-weight: 400;\"><br \/>\n<\/span><span style=\"font-weight: 400;\">eestipoolsed: Hiljar Joanurm &amp; Ilme (s\u00fcnd Kruusma) Joanurm\/Joons ja <\/span><span style=\"font-weight: 400;\"><br \/>\n<\/span><span style=\"font-weight: 400;\">rootsipoolsed: Kurt &amp; Viola Johansson <\/span><span style=\"font-weight: 400;\"><br \/>\n<\/span><span style=\"font-weight: 400;\">Lapsed: Oskar ja Eira <\/span><span style=\"font-weight: 400;\"><br \/>\n<\/span><span style=\"font-weight: 400;\">Keeled: rootsi, eesti, inglise, soome<br \/>\n<\/span><span style=\"font-weight: 400;\">Lemmikkoht Eestis: Viljandi<\/span><span style=\"font-weight: 400;\"><br \/>\n<\/span><span style=\"font-weight: 400;\">Lemmik vabaajategevus: pere ja s\u00f5pradega koos olemine<\/span><\/p>\n<p><\/div>\n","protected":false},"excerpt":{"rendered":"<p>Kohtume Sofiaga virtuaalselt Zoomi kaudu: tema on Helsingis, mina Stockholmis. Sofia, sinu \u00c5bo Akademis (rootsikeelne \u00fclikool Turus) eelmisel kevadel kaitstud doktorit\u00f6\u00f6 eestirootslaste identiteedist on saanud v\u00e4ga head tagasisidet nii Eestis, Soomes kui Rootsis. R\u00e4\u00e4gi sellest uurimist\u00f6\u00f6st veidi l\u00e4hemalt. Doktorit\u00f6\u00f6 pealkirja valikul \u201eNad olid nagu v\u00f5\u00f5rad ja siiski omad: Eestirootslaste identiteedivormimine laulude abil\u201d sain inspiratsiooni \u00fchest [&hellip;]<\/p>\n","protected":false},"author":1,"featured_media":2302,"comment_status":"open","ping_status":"open","sticky":false,"template":"","format":"standard","meta":{"footnotes":"","_links_to":"","_links_to_target":""},"categories":[18],"tags":[],"class_list":["post-2312","post","type-post","status-publish","format-standard","has-post-thumbnail","hentry","category-okategoriserad"],"yoast_head":"<!-- This site is optimized with the Yoast SEO plugin v23.9 - https:\/\/yoast.com\/wordpress\/plugins\/seo\/ -->\n<title>Lauludest ja m\u00e4lust, juurtest ja tulevikust - Rahvuslik Kontakt<\/title>\n<meta name=\"robots\" content=\"index, follow, max-snippet:-1, max-image-preview:large, max-video-preview:-1\" \/>\n<link rel=\"canonical\" href=\"https:\/\/rahvuslikkontakt.se\/sv\/lauludest-ja-malust-juurtest-ja-tulevikust\/\" \/>\n<meta property=\"og:locale\" content=\"sv_SE\" \/>\n<meta property=\"og:type\" content=\"article\" \/>\n<meta property=\"og:title\" content=\"Lauludest ja m\u00e4lust, juurtest ja tulevikust - Rahvuslik Kontakt\" \/>\n<meta property=\"og:description\" content=\"Kohtume Sofiaga virtuaalselt Zoomi kaudu: tema on Helsingis, mina Stockholmis. Sofia, sinu \u00c5bo Akademis (rootsikeelne \u00fclikool Turus) eelmisel kevadel kaitstud doktorit\u00f6\u00f6 eestirootslaste identiteedist on saanud v\u00e4ga head tagasisidet nii Eestis, Soomes kui Rootsis. R\u00e4\u00e4gi sellest uurimist\u00f6\u00f6st veidi l\u00e4hemalt. Doktorit\u00f6\u00f6 pealkirja valikul \u201eNad olid nagu v\u00f5\u00f5rad ja siiski omad: Eestirootslaste identiteedivormimine laulude abil\u201d sain inspiratsiooni \u00fchest [&hellip;]\" \/>\n<meta property=\"og:url\" content=\"https:\/\/rahvuslikkontakt.se\/sv\/lauludest-ja-malust-juurtest-ja-tulevikust\/\" \/>\n<meta property=\"og:site_name\" content=\"Rahvuslik Kontakt\" \/>\n<meta property=\"article:publisher\" content=\"https:\/\/www.facebook.com\/groups\/413926455353238\" \/>\n<meta property=\"article:published_time\" content=\"2026-04-30T14:03:42+00:00\" \/>\n<meta property=\"article:modified_time\" content=\"2026-04-30T14:04:21+00:00\" \/>\n<meta property=\"og:image\" content=\"https:\/\/rahvuslikkontakt.se\/wp-content\/uploads\/2026\/03\/Sofia-Joons_punase-mantliga.webp\" \/>\n\t<meta property=\"og:image:width\" content=\"2200\" \/>\n\t<meta property=\"og:image:height\" content=\"2259\" \/>\n\t<meta property=\"og:image:type\" content=\"image\/webp\" \/>\n<meta name=\"author\" content=\"Spirited\" \/>\n<meta name=\"twitter:card\" content=\"summary_large_image\" \/>\n<meta name=\"twitter:creator\" content=\"@Sverigeesterna\" \/>\n<meta name=\"twitter:site\" content=\"@Sverigeesterna\" \/>\n<meta name=\"twitter:label1\" content=\"Skriven av\" \/>\n\t<meta name=\"twitter:data1\" content=\"Spirited\" \/>\n\t<meta name=\"twitter:label2\" content=\"Ber\u00e4knad l\u00e4stid\" \/>\n\t<meta name=\"twitter:data2\" content=\"10 minuter\" \/>\n<script type=\"application\/ld+json\" class=\"yoast-schema-graph\">{\"@context\":\"https:\/\/schema.org\",\"@graph\":[{\"@type\":\"Article\",\"@id\":\"https:\/\/rahvuslikkontakt.se\/sv\/lauludest-ja-malust-juurtest-ja-tulevikust\/#article\",\"isPartOf\":{\"@id\":\"https:\/\/rahvuslikkontakt.se\/sv\/lauludest-ja-malust-juurtest-ja-tulevikust\/\"},\"author\":{\"name\":\"Spirited\",\"@id\":\"https:\/\/rahvuslikkontakt.se\/#\/schema\/person\/bbe8716ce573d8188b927db0af94123b\"},\"headline\":\"Lauludest ja m\u00e4lust, juurtest ja tulevikust\",\"datePublished\":\"2026-04-30T14:03:42+00:00\",\"dateModified\":\"2026-04-30T14:04:21+00:00\",\"mainEntityOfPage\":{\"@id\":\"https:\/\/rahvuslikkontakt.se\/sv\/lauludest-ja-malust-juurtest-ja-tulevikust\/\"},\"wordCount\":1793,\"commentCount\":0,\"publisher\":{\"@id\":\"https:\/\/rahvuslikkontakt.se\/#organization\"},\"image\":{\"@id\":\"https:\/\/rahvuslikkontakt.se\/sv\/lauludest-ja-malust-juurtest-ja-tulevikust\/#primaryimage\"},\"thumbnailUrl\":\"https:\/\/rahvuslikkontakt.se\/wp-content\/uploads\/2026\/03\/Sofia-Joons_punase-mantliga.webp\",\"articleSection\":[\"Okategoriserad\"],\"inLanguage\":\"sv-SE\",\"potentialAction\":[{\"@type\":\"CommentAction\",\"name\":\"Comment\",\"target\":[\"https:\/\/rahvuslikkontakt.se\/sv\/lauludest-ja-malust-juurtest-ja-tulevikust\/#respond\"]}]},{\"@type\":\"WebPage\",\"@id\":\"https:\/\/rahvuslikkontakt.se\/sv\/lauludest-ja-malust-juurtest-ja-tulevikust\/\",\"url\":\"https:\/\/rahvuslikkontakt.se\/sv\/lauludest-ja-malust-juurtest-ja-tulevikust\/\",\"name\":\"Lauludest ja m\u00e4lust, juurtest ja tulevikust - Rahvuslik Kontakt\",\"isPartOf\":{\"@id\":\"https:\/\/rahvuslikkontakt.se\/#website\"},\"primaryImageOfPage\":{\"@id\":\"https:\/\/rahvuslikkontakt.se\/sv\/lauludest-ja-malust-juurtest-ja-tulevikust\/#primaryimage\"},\"image\":{\"@id\":\"https:\/\/rahvuslikkontakt.se\/sv\/lauludest-ja-malust-juurtest-ja-tulevikust\/#primaryimage\"},\"thumbnailUrl\":\"https:\/\/rahvuslikkontakt.se\/wp-content\/uploads\/2026\/03\/Sofia-Joons_punase-mantliga.webp\",\"datePublished\":\"2026-04-30T14:03:42+00:00\",\"dateModified\":\"2026-04-30T14:04:21+00:00\",\"breadcrumb\":{\"@id\":\"https:\/\/rahvuslikkontakt.se\/sv\/lauludest-ja-malust-juurtest-ja-tulevikust\/#breadcrumb\"},\"inLanguage\":\"sv-SE\",\"potentialAction\":[{\"@type\":\"ReadAction\",\"target\":[\"https:\/\/rahvuslikkontakt.se\/sv\/lauludest-ja-malust-juurtest-ja-tulevikust\/\"]}]},{\"@type\":\"ImageObject\",\"inLanguage\":\"sv-SE\",\"@id\":\"https:\/\/rahvuslikkontakt.se\/sv\/lauludest-ja-malust-juurtest-ja-tulevikust\/#primaryimage\",\"url\":\"https:\/\/rahvuslikkontakt.se\/wp-content\/uploads\/2026\/03\/Sofia-Joons_punase-mantliga.webp\",\"contentUrl\":\"https:\/\/rahvuslikkontakt.se\/wp-content\/uploads\/2026\/03\/Sofia-Joons_punase-mantliga.webp\",\"width\":2200,\"height\":2259},{\"@type\":\"BreadcrumbList\",\"@id\":\"https:\/\/rahvuslikkontakt.se\/sv\/lauludest-ja-malust-juurtest-ja-tulevikust\/#breadcrumb\",\"itemListElement\":[{\"@type\":\"ListItem\",\"position\":1,\"name\":\"Home\",\"item\":\"https:\/\/rahvuslikkontakt.se\/sv\/\"},{\"@type\":\"ListItem\",\"position\":2,\"name\":\"Lauludest ja m\u00e4lust, juurtest ja tulevikust\"}]},{\"@type\":\"WebSite\",\"@id\":\"https:\/\/rahvuslikkontakt.se\/#website\",\"url\":\"https:\/\/rahvuslikkontakt.se\/\",\"name\":\"Rahvuslik Kontakt\",\"description\":\"\",\"publisher\":{\"@id\":\"https:\/\/rahvuslikkontakt.se\/#organization\"},\"potentialAction\":[{\"@type\":\"SearchAction\",\"target\":{\"@type\":\"EntryPoint\",\"urlTemplate\":\"https:\/\/rahvuslikkontakt.se\/?s={search_term_string}\"},\"query-input\":{\"@type\":\"PropertyValueSpecification\",\"valueRequired\":true,\"valueName\":\"search_term_string\"}}],\"inLanguage\":\"sv-SE\"},{\"@type\":\"Organization\",\"@id\":\"https:\/\/rahvuslikkontakt.se\/#organization\",\"name\":\"Rahvuslik Kontakt\",\"url\":\"https:\/\/rahvuslikkontakt.se\/\",\"logo\":{\"@type\":\"ImageObject\",\"inLanguage\":\"sv-SE\",\"@id\":\"https:\/\/rahvuslikkontakt.se\/#\/schema\/logo\/image\/\",\"url\":\"https:\/\/rahvuslikkontakt.se\/wp-content\/uploads\/2023\/11\/Footer-logo.webp\",\"contentUrl\":\"https:\/\/rahvuslikkontakt.se\/wp-content\/uploads\/2023\/11\/Footer-logo.webp\",\"width\":1200,\"height\":300,\"caption\":\"Rahvuslik Kontakt\"},\"image\":{\"@id\":\"https:\/\/rahvuslikkontakt.se\/#\/schema\/logo\/image\/\"},\"sameAs\":[\"https:\/\/www.facebook.com\/groups\/413926455353238\",\"https:\/\/x.com\/Sverigeesterna\",\"https:\/\/www.instagram.com\/sverigeesterna\/\",\"https:\/\/www.youtube.com\/channel\/UCrx0OUO2vQAEvysvMrwq5xQ\"]},{\"@type\":\"Person\",\"@id\":\"https:\/\/rahvuslikkontakt.se\/#\/schema\/person\/bbe8716ce573d8188b927db0af94123b\",\"name\":\"Spirited\",\"image\":{\"@type\":\"ImageObject\",\"inLanguage\":\"sv-SE\",\"@id\":\"https:\/\/rahvuslikkontakt.se\/#\/schema\/person\/image\/\",\"url\":\"https:\/\/secure.gravatar.com\/avatar\/cdaa8b7df814180be6f2d094d6831427afb3ffe9161163deaf974cb1f258df6d?s=96&d=mm&r=g\",\"contentUrl\":\"https:\/\/secure.gravatar.com\/avatar\/cdaa8b7df814180be6f2d094d6831427afb3ffe9161163deaf974cb1f258df6d?s=96&d=mm&r=g\",\"caption\":\"Spirited\"},\"sameAs\":[\"https:\/\/rahvuslikkontakt.se\"],\"url\":\"https:\/\/rahvuslikkontakt.se\/sv\/author\/spirited\/\"}]}<\/script>\n<!-- \/ Yoast SEO plugin. -->","yoast_head_json":{"title":"Lauludest ja m\u00e4lust, juurtest ja tulevikust - Rahvuslik Kontakt","robots":{"index":"index","follow":"follow","max-snippet":"max-snippet:-1","max-image-preview":"max-image-preview:large","max-video-preview":"max-video-preview:-1"},"canonical":"https:\/\/rahvuslikkontakt.se\/sv\/lauludest-ja-malust-juurtest-ja-tulevikust\/","og_locale":"sv_SE","og_type":"article","og_title":"Lauludest ja m\u00e4lust, juurtest ja tulevikust - Rahvuslik Kontakt","og_description":"Kohtume Sofiaga virtuaalselt Zoomi kaudu: tema on Helsingis, mina Stockholmis. Sofia, sinu \u00c5bo Akademis (rootsikeelne \u00fclikool Turus) eelmisel kevadel kaitstud doktorit\u00f6\u00f6 eestirootslaste identiteedist on saanud v\u00e4ga head tagasisidet nii Eestis, Soomes kui Rootsis. R\u00e4\u00e4gi sellest uurimist\u00f6\u00f6st veidi l\u00e4hemalt. Doktorit\u00f6\u00f6 pealkirja valikul \u201eNad olid nagu v\u00f5\u00f5rad ja siiski omad: Eestirootslaste identiteedivormimine laulude abil\u201d sain inspiratsiooni \u00fchest [&hellip;]","og_url":"https:\/\/rahvuslikkontakt.se\/sv\/lauludest-ja-malust-juurtest-ja-tulevikust\/","og_site_name":"Rahvuslik Kontakt","article_publisher":"https:\/\/www.facebook.com\/groups\/413926455353238","article_published_time":"2026-04-30T14:03:42+00:00","article_modified_time":"2026-04-30T14:04:21+00:00","og_image":[{"width":2200,"height":2259,"url":"https:\/\/rahvuslikkontakt.se\/wp-content\/uploads\/2026\/03\/Sofia-Joons_punase-mantliga.webp","type":"image\/webp"}],"author":"Spirited","twitter_card":"summary_large_image","twitter_creator":"@Sverigeesterna","twitter_site":"@Sverigeesterna","twitter_misc":{"Skriven av":"Spirited","Ber\u00e4knad l\u00e4stid":"10 minuter"},"schema":{"@context":"https:\/\/schema.org","@graph":[{"@type":"Article","@id":"https:\/\/rahvuslikkontakt.se\/sv\/lauludest-ja-malust-juurtest-ja-tulevikust\/#article","isPartOf":{"@id":"https:\/\/rahvuslikkontakt.se\/sv\/lauludest-ja-malust-juurtest-ja-tulevikust\/"},"author":{"name":"Spirited","@id":"https:\/\/rahvuslikkontakt.se\/#\/schema\/person\/bbe8716ce573d8188b927db0af94123b"},"headline":"Lauludest ja m\u00e4lust, juurtest ja tulevikust","datePublished":"2026-04-30T14:03:42+00:00","dateModified":"2026-04-30T14:04:21+00:00","mainEntityOfPage":{"@id":"https:\/\/rahvuslikkontakt.se\/sv\/lauludest-ja-malust-juurtest-ja-tulevikust\/"},"wordCount":1793,"commentCount":0,"publisher":{"@id":"https:\/\/rahvuslikkontakt.se\/#organization"},"image":{"@id":"https:\/\/rahvuslikkontakt.se\/sv\/lauludest-ja-malust-juurtest-ja-tulevikust\/#primaryimage"},"thumbnailUrl":"https:\/\/rahvuslikkontakt.se\/wp-content\/uploads\/2026\/03\/Sofia-Joons_punase-mantliga.webp","articleSection":["Okategoriserad"],"inLanguage":"sv-SE","potentialAction":[{"@type":"CommentAction","name":"Comment","target":["https:\/\/rahvuslikkontakt.se\/sv\/lauludest-ja-malust-juurtest-ja-tulevikust\/#respond"]}]},{"@type":"WebPage","@id":"https:\/\/rahvuslikkontakt.se\/sv\/lauludest-ja-malust-juurtest-ja-tulevikust\/","url":"https:\/\/rahvuslikkontakt.se\/sv\/lauludest-ja-malust-juurtest-ja-tulevikust\/","name":"Lauludest ja m\u00e4lust, juurtest ja tulevikust - Rahvuslik Kontakt","isPartOf":{"@id":"https:\/\/rahvuslikkontakt.se\/#website"},"primaryImageOfPage":{"@id":"https:\/\/rahvuslikkontakt.se\/sv\/lauludest-ja-malust-juurtest-ja-tulevikust\/#primaryimage"},"image":{"@id":"https:\/\/rahvuslikkontakt.se\/sv\/lauludest-ja-malust-juurtest-ja-tulevikust\/#primaryimage"},"thumbnailUrl":"https:\/\/rahvuslikkontakt.se\/wp-content\/uploads\/2026\/03\/Sofia-Joons_punase-mantliga.webp","datePublished":"2026-04-30T14:03:42+00:00","dateModified":"2026-04-30T14:04:21+00:00","breadcrumb":{"@id":"https:\/\/rahvuslikkontakt.se\/sv\/lauludest-ja-malust-juurtest-ja-tulevikust\/#breadcrumb"},"inLanguage":"sv-SE","potentialAction":[{"@type":"ReadAction","target":["https:\/\/rahvuslikkontakt.se\/sv\/lauludest-ja-malust-juurtest-ja-tulevikust\/"]}]},{"@type":"ImageObject","inLanguage":"sv-SE","@id":"https:\/\/rahvuslikkontakt.se\/sv\/lauludest-ja-malust-juurtest-ja-tulevikust\/#primaryimage","url":"https:\/\/rahvuslikkontakt.se\/wp-content\/uploads\/2026\/03\/Sofia-Joons_punase-mantliga.webp","contentUrl":"https:\/\/rahvuslikkontakt.se\/wp-content\/uploads\/2026\/03\/Sofia-Joons_punase-mantliga.webp","width":2200,"height":2259},{"@type":"BreadcrumbList","@id":"https:\/\/rahvuslikkontakt.se\/sv\/lauludest-ja-malust-juurtest-ja-tulevikust\/#breadcrumb","itemListElement":[{"@type":"ListItem","position":1,"name":"Home","item":"https:\/\/rahvuslikkontakt.se\/sv\/"},{"@type":"ListItem","position":2,"name":"Lauludest ja m\u00e4lust, juurtest ja tulevikust"}]},{"@type":"WebSite","@id":"https:\/\/rahvuslikkontakt.se\/#website","url":"https:\/\/rahvuslikkontakt.se\/","name":"Rahvuslik Kontakt","description":"","publisher":{"@id":"https:\/\/rahvuslikkontakt.se\/#organization"},"potentialAction":[{"@type":"SearchAction","target":{"@type":"EntryPoint","urlTemplate":"https:\/\/rahvuslikkontakt.se\/?s={search_term_string}"},"query-input":{"@type":"PropertyValueSpecification","valueRequired":true,"valueName":"search_term_string"}}],"inLanguage":"sv-SE"},{"@type":"Organization","@id":"https:\/\/rahvuslikkontakt.se\/#organization","name":"Rahvuslik Kontakt","url":"https:\/\/rahvuslikkontakt.se\/","logo":{"@type":"ImageObject","inLanguage":"sv-SE","@id":"https:\/\/rahvuslikkontakt.se\/#\/schema\/logo\/image\/","url":"https:\/\/rahvuslikkontakt.se\/wp-content\/uploads\/2023\/11\/Footer-logo.webp","contentUrl":"https:\/\/rahvuslikkontakt.se\/wp-content\/uploads\/2023\/11\/Footer-logo.webp","width":1200,"height":300,"caption":"Rahvuslik Kontakt"},"image":{"@id":"https:\/\/rahvuslikkontakt.se\/#\/schema\/logo\/image\/"},"sameAs":["https:\/\/www.facebook.com\/groups\/413926455353238","https:\/\/x.com\/Sverigeesterna","https:\/\/www.instagram.com\/sverigeesterna\/","https:\/\/www.youtube.com\/channel\/UCrx0OUO2vQAEvysvMrwq5xQ"]},{"@type":"Person","@id":"https:\/\/rahvuslikkontakt.se\/#\/schema\/person\/bbe8716ce573d8188b927db0af94123b","name":"Spirited","image":{"@type":"ImageObject","inLanguage":"sv-SE","@id":"https:\/\/rahvuslikkontakt.se\/#\/schema\/person\/image\/","url":"https:\/\/secure.gravatar.com\/avatar\/cdaa8b7df814180be6f2d094d6831427afb3ffe9161163deaf974cb1f258df6d?s=96&d=mm&r=g","contentUrl":"https:\/\/secure.gravatar.com\/avatar\/cdaa8b7df814180be6f2d094d6831427afb3ffe9161163deaf974cb1f258df6d?s=96&d=mm&r=g","caption":"Spirited"},"sameAs":["https:\/\/rahvuslikkontakt.se"],"url":"https:\/\/rahvuslikkontakt.se\/sv\/author\/spirited\/"}]}},"_links":{"self":[{"href":"https:\/\/rahvuslikkontakt.se\/sv\/wp-json\/wp\/v2\/posts\/2312","targetHints":{"allow":["GET"]}}],"collection":[{"href":"https:\/\/rahvuslikkontakt.se\/sv\/wp-json\/wp\/v2\/posts"}],"about":[{"href":"https:\/\/rahvuslikkontakt.se\/sv\/wp-json\/wp\/v2\/types\/post"}],"author":[{"embeddable":true,"href":"https:\/\/rahvuslikkontakt.se\/sv\/wp-json\/wp\/v2\/users\/1"}],"replies":[{"embeddable":true,"href":"https:\/\/rahvuslikkontakt.se\/sv\/wp-json\/wp\/v2\/comments?post=2312"}],"version-history":[{"count":2,"href":"https:\/\/rahvuslikkontakt.se\/sv\/wp-json\/wp\/v2\/posts\/2312\/revisions"}],"predecessor-version":[{"id":2385,"href":"https:\/\/rahvuslikkontakt.se\/sv\/wp-json\/wp\/v2\/posts\/2312\/revisions\/2385"}],"wp:featuredmedia":[{"embeddable":true,"href":"https:\/\/rahvuslikkontakt.se\/sv\/wp-json\/wp\/v2\/media\/2302"}],"wp:attachment":[{"href":"https:\/\/rahvuslikkontakt.se\/sv\/wp-json\/wp\/v2\/media?parent=2312"}],"wp:term":[{"taxonomy":"category","embeddable":true,"href":"https:\/\/rahvuslikkontakt.se\/sv\/wp-json\/wp\/v2\/categories?post=2312"},{"taxonomy":"post_tag","embeddable":true,"href":"https:\/\/rahvuslikkontakt.se\/sv\/wp-json\/wp\/v2\/tags?post=2312"}],"curies":[{"name":"wp","href":"https:\/\/api.w.org\/{rel}","templated":true}]}}