{"id":2214,"date":"2026-03-06T19:47:31","date_gmt":"2026-03-06T17:47:31","guid":{"rendered":"https:\/\/rahvuslikkontakt.se\/?p=2214"},"modified":"2026-03-07T13:35:23","modified_gmt":"2026-03-07T11:35:23","slug":"estlands-108e-sjalvstandighetsdag-firades-hogtidligt-i-stockholm-pa-scalateatern","status":"publish","type":"post","link":"https:\/\/rahvuslikkontakt.se\/sv\/estlands-108e-sjalvstandighetsdag-firades-hogtidligt-i-stockholm-pa-scalateatern\/","title":{"rendered":"Estlands 108:e sj\u00e4lvst\u00e4ndighetsdag firades h\u00f6gtidligt i Stockholm p\u00e5 Scalateatern"},"content":{"rendered":"<h3>I Stockholm firades Estlands sj\u00e4lvst\u00e4ndighetsdag i \u00e5r l\u00f6rdagen den 21 februari med en h\u00f6gtidlig konsertakt p\u00e5 Scalateatern. Kv\u00e4llen fortsatte med fest i Estniska Huset.<\/h3>\n<p>Firandet av Estlands sj\u00e4lvst\u00e4ndighetsdag har alltid varit en h\u00f6gtidlig och meningsfull stund f\u00f6r ester, d\u00e5 man hedrar statens kontinuitet, spr\u00e5ket och kulturen. F\u00f6r ester bosatta i Sverige samt f\u00f6r v\u00e5ra svenska v\u00e4nner erbj\u00f6d konserten en m\u00f6jlighet att uppleva livskraften i den estniska gemenskapen och m\u00e5ngfalden i estnisk kultur \u2013 fr\u00e5n sm\u00e5 barn till etablerade konstn\u00e4rer och kulturpersonligheter.<\/p>\n<p>Konsertakten bestod av tv\u00e5 delar och f\u00f6renade gemenskapens h\u00f6gtidlighet med en rik musikalisk upplevelse.\u00a0<\/p>\n<p><a href=\"https:\/\/flic.kr\/s\/aHBqjCLcF8\" target=\"_blank\" rel=\"noopener\"><span style=\"font-size: 16px;\"><strong>SE BILDGALLERI &gt;&gt;<\/strong><\/span><\/a><\/p>\n<p>Konsertakten \u00f6ppnades av representanter f\u00f6r Sverigeesternas ungdomsf\u00f6rbund (Eesti Noored Rootsis)\u2013 Henri Ilison, Maria Juks och Lea Lokko. Sveriges nationals\u00e5ng framf\u00f6rdes p\u00e5 piano av Toomas Tuulse och h\u00f6gtidstalet h\u00f6lls av Estlands ambassad\u00f6r i Sverige, Margus Laidre. Den yngre generationens tankar om sina r\u00f6tter och sin framtid delades av Emma Sulom\u00e4gi, elev i \u00e5rskurs 9 vid Estniska Skolan i Stockholm.<\/p>\n<p>P\u00e5 konserten upptr\u00e4dde estniska k\u00f6rer och dansgrupper i Stockholm. Publiken fick h\u00f6ra barn fr\u00e5n Estniska Kulturskolan i Stockholm, k\u00f6ren fr\u00e5n Estniska Skolan i Stockholm och Stockholms Estniska Barnk\u00f6r. Dansgl\u00e4dje p\u00e5 scenen bj\u00f6d Stockholms Estniska Folkdanstrupp Virvel, folkdansgruppen vid Estniska Skolan samt\u00a0Mimmi Kasks ungdomsdansgrupp DanceEst.<\/p>\n<p>Ett inslag av kammarmusik framf\u00f6rdes av en ensemble best\u00e5ende av\u00a0Triin Veissmann, Eva Ausmees, Hanna Semper och Martin M\u00e4nd, som spelade verk av\u00a0Jaan R\u00e4\u00e4ts\u00a0och\u00a0Heino Eller.<\/p>\n<p>Sekreteraren f\u00f6r juryn f\u00f6r\u00a0Estniska Riksf\u00f6rbundets kulturpris, Jaan Seim, tillk\u00e4nnagav \u00e5rets pristagare, som blev\u00a0<strong>Sofia Joons<\/strong>. Tyv\u00e4rr hade Sofia inte m\u00f6jlighet att ta emot priset i Stockholm, och publiken fick i st\u00e4llet h\u00f6ra ett musikstycke fr\u00e5n hennes album\u00a0<em>Strand Rand<\/em>.<\/p>\n<p>Presidenten f\u00f6r\u00a0XIII Estniska V\u00e4rldsfestivalen, Sirle S\u00f6\u00f6t, framf\u00f6rde ett varmt tack till alla arrang\u00f6rer och medhj\u00e4lpare f\u00f6r\u00a0ESTO 2025 samt l\u00e4ste upp ett tackbrev fr\u00e5n Estlands utrikesminister. I sitt anf\u00f6rande lyfte hon fram den stora betydelsen av den sverigeesternas gemenskapens insats f\u00f6r att bevara den globala estniskheten, traditionerna och det gemensamma minnet genom att arrangera ESTO i Sverige 1980, 1996 och 2025.<\/p>\n<p>H\u00f6jdpunkten i konsertens f\u00f6rsta del blev ett potpurri av patriotiska s\u00e5nger av\u00a0Alo Mattiisen, framf\u00f6rt av f\u00f6renade k\u00f6rer. P\u00e5 scenen stod\u00a0Stockholms Estniska K\u00f6r\u00a0och\u00a0Stockholms Estniska Damk\u00f6r, och som k\u00f6rens vingar i salongen deltog\u00a0Stockholms Estniska Barnk\u00f6r och k\u00f6ren fr\u00e5n Estniska Skolan i Stockholm. De samlade k\u00f6rerna dirigerades av\u00a0Jaan Seim.<\/p>\n<p>I den andra delen av konserten upptr\u00e4dde den \u00e4lskade s\u00e5ngerskan och komposit\u00f6ren\u00a0<strong>Siiri Sisask<\/strong>. Konserten avslutades med hennes v\u00e4lk\u00e4nda s\u00e5ng<strong>\u00a0<b>\u201cVad \u00e4r det f\u00f6r ett land\u201d<\/b><\/strong>, framf\u00f6rd tillsammans med\u00a0Stockholms Estniska K\u00f6r\u00a0och\u00a0Stockholms Estniska Damk\u00f6r. Sj\u00e4lvklart fick publiken h\u00f6ra s\u00e5ngen en g\u00e5ng till.<\/p>\n<h3>Siiri Sisask \u2013 en reflekterande r\u00f6st i estnisk kultur<\/h3>\n<p><strong>Siiri Sisask<\/strong> \u00e4r en estnisk s\u00e5ngerska, komposit\u00f6r och t\u00e4nkare vars skapande under flera decennier har speglat esternas inre s\u00f6kande och andlighet. F\u00f6r m\u00e5nga ester \u00e4r hon s\u00e4rskilt k\u00e4nd f\u00f6r s\u00e5ngen\u00a0<a href=\"https:\/\/youtu.be\/NmmUOpLQnLs\" target=\"_blank\" rel=\"noopener\"><strong><b>\u201cVad \u00e4r det f\u00f6r ett land\u201d<\/b><\/strong><\/a>, som ofta upplevs b\u00e5de som en fr\u00e5ga och ett svar \u2013 en s\u00e5ng om Estland, dess sm\u00e4rta och dess sk\u00f6nhet. Verket fick s\u00e4rskilt stor spridning under ungdomarnas s\u00e5ngfestival 2011, d\u00e4r det framf\u00f6rdes av en stor f\u00f6renad k\u00f6r.<\/p>\n<p>Sisasks musikaliska resa har varit b\u00e5de unik och m\u00e5ngsidig. Hon har studerat b\u00e5de i musikskolor och i livets egen skola, f\u00e5tt viktiga impulser genom samarbetet med Urmas Alender\u00a0och turnerat som ung i Ryssland med grupperna\u00a0Ruja\u00a0och\u00a0Vitamiin. Hennes konstn\u00e4rliga v\u00e4g har ocks\u00e5 f\u00f6rt henne till\u00a0Tyskland, d\u00e4r hon under flera \u00e5r arbetade och samarbetade med internationella musiker.<\/p>\n<p>Ut\u00f6ver musiken har Siiri Sisask varit aktiv i samh\u00e4lls- och v\u00e4lg\u00f6renhetsarbete, bland annat genom att st\u00f6dja utbildningsprojekt och genom sitt konstn\u00e4rskap s\u00f6ka djupare andlig balans. F\u00f6r ester i Sverige gav hennes framtr\u00e4dande en m\u00f6jlighet att m\u00f6ta en av de mest genuina och reflekterande r\u00f6sterna inom estnisk kultur.<\/p>\n<h3>Kv\u00e4llen fortsatte i Estniska Huset\u00a0<\/h3>\n<p>Efter konserten samlades g\u00e4sterna i\u00a0Estniska Husets festv\u00e5ning, d\u00e4r firandet fortsatte med en gemensam middag. F\u00f6r de 99 g\u00e4sterna f\u00f6rberedde Stockholmsavdelningen i Sverigeesternas Riksf\u00f6rbund tillsammans med frivilliga en festmeny best\u00e5ende av kilusm\u00f6rg\u00e5sar, fl\u00e4skstek, ugnsbakad lax och kvargkaka. Vid serveringen hj\u00e4lpte frivilliga fr\u00e5n Sverigeesternas ungdomsf\u00f6rbund\u00a0till.<\/p>\n<p>Den festliga kv\u00e4llen gav m\u00f6jlighet att tr\u00e4ffa v\u00e4nner och bekanta, dela intryck och tillsammans fira Estlands f\u00f6delsedag \u2013 p\u00e5 samma s\u00e4tt som den estniska gemenskapen i Sverige har gjort i generationer.<\/p>\n<h3>Arrang\u00f6rer av konsertakten<\/h3>\n<p><span style=\"font-weight: 400;\">Konsertdelens konstn\u00e4rliga ledare: <strong>Jaan Seim<br \/>\n<\/strong><\/span><span style=\"font-weight: 400;\">Producent: <strong>Sirle S\u00f6\u00f6t<br \/>\n<\/strong><\/span><span style=\"font-weight: 400;\">F\u00f6rest\u00e4llningsledare: <strong>Tiina Tilly<br \/>\n<\/strong><\/span><span style=\"font-weight: 400;\">F\u00f6rest\u00e4llningsledares assistent: <strong>Liisa Maria V\u00f5hmar<\/strong><\/span><\/p>\n<p><span style=\"font-weight: 400;\">Ljus och ljudtekniker: Pelle Meyer, Kenn Eerik Kannike, Martin M\u00e4nd, Mati Lukk<\/span><span style=\"font-weight: 400;\"><br \/>\n<\/span><span style=\"font-weight: 400;\">Scen: Madli Wiiburg Walfridsson, Piret Kaaman Lepisk, Taave S\u00f6\u00f6t Vaherm\u00e4gi<\/span><span style=\"font-weight: 400;\"><br \/>\n<\/span><span style=\"font-weight: 400;\">Fotograf: Anna Tarien och frivilliga Kristjan J\u00e4ttenfeldt, Kerli Kekkar Kask<br \/>\n<\/span><span style=\"font-weight: 400;\">Design: Ilona Jenkins<br \/>\n<\/span><span style=\"font-weight: 400;\">Medhj\u00e4lpare: Katrin Ros\u00e9n, Williams Diaz, Johan Stenqvist, Madli Wiiburg Walfridsson<br \/>\nFrivilliga i k\u00f6ket: Lembe Luht, Valdo Kask, Katrin Ros\u00e9n, Williams Diaz, Mikaela, Melissa Tress, Andri Tsikin, Leo Toots, Emma Sulom\u00e4gi, Piret Riit, Julia Westerlund, Leona Lokko.<br \/>\nKaf\u00e9 och garderob:\u00a0\u00e5rskurs 5 vid Estniska Skolan i Stockholm<br \/>\n<\/span><span style=\"font-weight: 400;\"><br \/>\n<\/span><b>Tack till v\u00e5ra sponsorer!<\/b><b><br \/>\n<\/b><span style=\"font-weight: 400;\">REL Stockholm<\/span><b><br \/>\n<\/b><span style=\"font-weight: 400;\">Sverigeesternas Riksf\u00f6rbund<br \/>\n<\/span><span style=\"font-weight: 400;\">AB Eesti Maja \u2013 Estniska Huset\u00a0<br \/>\n<\/span><span style=\"font-weight: 400;\">Estniska Kultursamfundet\u00a0<br \/>\nTallink Silja<\/span><\/p>\n<hr \/>\n<h3><strong>PROGRAMM<\/strong><\/h3>\n<p><b>Del I<\/b><\/p>\n<p><b>H\u00e4lsningsanf\u00f6rande<\/b><b><br \/>\n<\/b><b> &#8211; <\/b><span style=\"font-weight: 400;\">Henri Ilison, Maria Juks och Lea Lokko, Sverigeesternas ungdomsf\u00f6rbund<\/span><\/p>\n<p><b>Sveriges nationals\u00e5ng<\/b><b><br \/>\n<\/b><span style=\"font-weight: 400;\"> &#8211; Piano Toomas Tuulse<\/span><\/p>\n<p><b>Tal<\/b><b><br \/>\n<\/b><b> &#8211; Margus Laidre<\/b><span style=\"font-weight: 400;\">, Republiken Estlands ambassad\u00f6r i Sverige<\/span><\/p>\n<p><b>S\u00e5ng \u201dVar \u00e4r mitt hem\u201d<\/b><span style=\"font-weight: 400;\"> folkvisa<\/span><span style=\"font-weight: 400;\"><br \/>\n<\/span><span style=\"font-weight: 400;\"> &#8211; Elever fr\u00e5n Estniska Kulturskolan i Stockholm, piano Eva Ausmees<\/span><\/p>\n<p><b>Tal<\/b><b><br \/>\n<\/b><b> &#8211; Emma Sulom\u00e4gi<\/b><span style=\"font-weight: 400;\">, elev i \u00e5rskurs 9 vid Estniska Skolan i Stockholm<\/span><\/p>\n<p><b>S\u00e5ng \u201dS\u00e5ng om landet i norr\u201d<\/b><span style=\"font-weight: 400;\"> musik \u00dclo Vinter, text Enn Vetemaa<\/span><span style=\"font-weight: 400;\"><br \/>\n<\/span><span style=\"font-weight: 400;\"> &#8211; Estniska Skolans i Stockholm k\u00f6r, dirigent Epp Jaansoo, piano Jaan Seim<\/span><\/p>\n<p><b>ESTO 2025 tackar<\/b><b><br \/>\n<\/b><b>&#8211; <\/b><span style=\"font-weight: 400;\">Sirle S\u00f6\u00f6t, president f\u00f6r XIII Estniska V\u00e4rldsfestivalen ESTO<\/span><\/p>\n<p><b>Dans \u201dOxdans\u201d<\/b><span style=\"font-weight: 400;\"> svensk folkdans<\/span><span style=\"font-weight: 400;\"><br \/>\n<\/span><b>Dans \u201dKolumats polka\u201d<\/b><span style=\"font-weight: 400;\"> koreografi K\u00fcllike L\u00f5hmus, musik Durspelsf\u00f6reningen<\/span><span style=\"font-weight: 400;\"><br \/>\n<\/span><b>Dans \u201dSimmanpolka\u201d<\/b><span style=\"font-weight: 400;\"> koreografi Nelli Uustalu, musik Harri Otsa<\/span><span style=\"font-weight: 400;\"><br \/>\n<\/span><span style=\"font-weight: 400;\"> &#8211; Stockholms Estniska Folkdanslag Virvel, ledare Taimi Svarpstin<\/span><\/p>\n<p><b>Dans \u201dSurvivor\u201d<\/b><span style=\"font-weight: 400;\">, DanceEst<\/span><span style=\"font-weight: 400;\"><br \/>\n<\/span><span style=\"font-weight: 400;\">&#8211; DanceEst, handledare och koreografi Mimmi Kask<\/span><span style=\"font-weight: 400;\"><br \/>\n<\/span><span style=\"font-weight: 400;\">Dansare: Leona Lokko, Melissa Adamson Tress, Piret Riit, Emma Sulom\u00e4gi, Julia Westerlund, Olivia Eklund, Anna Nora Gr\u00fcner, Elinor Haglund, Anna Juks, Elisabeth Jurisson, Marlene Kadak-Kramer, Alma Kesselberg, Lilian Kharitonova, Greta Linnasm\u00e4gi, Emily Rooallik, Elise Sj\u00f6nell Celik, Ellie Kindstedt Lindberg<\/span><\/p>\n<p><b>\u201dKonsert f\u00f6r kammarorkester op. 16\u201d<\/b><span style=\"font-weight: 400;\"> (Del I Allegro) Jaan R\u00e4\u00e4ts<\/span><span style=\"font-weight: 400;\"><br \/>\n<\/span> <b>\u201dMelodi fr\u00e5n hemlandet\u201d<\/b><span style=\"font-weight: 400;\"> Heino Eller<\/span><span style=\"font-weight: 400;\"><br \/>\n<\/span><span style=\"font-weight: 400;\"> &#8211; Triin Veissmann (violin), Eva Ausmees (violin), Hanna Semper (viola), Martin M\u00e4nd (cello)<\/span><\/p>\n<p><b>S\u00e5ng \u201dHej, boken!\u201d<\/b><span style=\"font-weight: 400;\"> musik Arvo P\u00e4rt, text Leelo Tungal, dirigent Illia Humeniuk, piano Sophia Wieser<\/span><span style=\"font-weight: 400;\"><br \/>\n<\/span><span style=\"font-weight: 400;\"> &#8211; Stockholms Estniska Barnk\u00f6r, yngre<\/span><\/p>\n<p><b>S\u00e5ng \u201dSkolv\u00e4gen\u201d<\/b><span style=\"font-weight: 400;\"> musik Arvo P\u00e4rt, text Dagmar Normet, dirigent Illia Humeniuk, piano Sophia Wieser<\/span><span style=\"font-weight: 400;\"><br \/>\n<\/span><span style=\"font-weight: 400;\"> &#8211; Stockholms Estniska Barnk\u00f6r, \u00e4ldre<\/span><\/p>\n<p><b>Dans \u201cH\u00f6ger och v\u00e4nster\u201d <\/b><span style=\"font-weight: 400;\">estnisk folkdans<\/span><span style=\"font-weight: 400;\"><br \/>\n<\/span><b> &#8211; <\/b><span style=\"font-weight: 400;\">Elevgrupp fr\u00e5n \u00e5rskurs 9 vid Estniska Skolan, ledare Taimi Svarpstin<\/span><\/p>\n<p><b>Sverigeesternas Riksf\u00f6rbunds kulturpris 2026<\/b><b><br \/>\n<\/b><b> &#8211; <\/b><span style=\"font-weight: 400;\">Jaan Seim, sekreterare i REL-s kulturprisjury<\/span><\/p>\n<p><b>S\u00e5ng \u201dEstlands flagga\u201d<\/b><span style=\"font-weight: 400;\"> musik Enn V\u00f5rk, text Martin Lipp<\/span><span style=\"font-weight: 400;\"><br \/>\n<\/span><span style=\"font-weight: 400;\"> &#8211; Stockholms Estniska K\u00f6r och Stockholms Estniska Damk\u00f6r, dirigent Jaan Seim<\/span><\/p>\n<p><b>S\u00e5ng \u201dHemv\u00e4gen\u201d<\/b><span style=\"font-weight: 400;\"> musik P\u00e4rt Uusberg, text Kristjan \u00dcksk\u00fcla<\/span><span style=\"font-weight: 400;\"><br \/>\n<\/span><span style=\"font-weight: 400;\"> &#8211; Stockholms Estniska K\u00f6r, dirigent Jaan Seim<\/span><\/p>\n<p><b>S\u00e5ng \u201dMin bror har byggt mig en vagga\u201d<\/b><span style=\"font-weight: 400;\"> estnisk folkvisa, arr Ave Avamere<\/span><span style=\"font-weight: 400;\"><br \/>\n<\/span><span style=\"font-weight: 400;\"> &#8211; Stockholms Estniska Damk\u00f6r, dirigent Jaan Seim<\/span><\/p>\n<p><b>Potpurri av fosterl\u00e4ndska s\u00e5nger<\/b><span style=\"font-weight: 400;\">, <\/span><span style=\"font-weight: 400;\">arr<\/span> <span style=\"font-weight: 400;\">Alo Mattiisen<\/span><span style=\"font-weight: 400;\"><br \/>\n<\/span><span style=\"font-weight: 400;\"> &#8211; Stockholms Estniska K\u00f6r, Stockholms Estniska Damk\u00f6r,<\/span><span style=\"font-weight: 400;\"> Stockholms Estniska Barnk\u00f6r, Estniska Skolans i Stockholm k\u00f6r, piano Toomas Tuulse, el<\/span><span style=\"font-weight: 400;\">bas Rickard Malmsten, dirigent Jaan Seim<\/span><\/p>\n<p><b>Estlands nationals\u00e5ng<\/b><b><br \/>\n<\/b><b> &#8211; <\/b><span style=\"font-weight: 400;\">Piano Toomas Tuulse<\/span><\/p>\n<p><b>N\u00e5gra ord till pausen<\/b><b><br \/>\n<\/b><b> &#8211; <\/b><span style=\"font-weight: 400;\">Henri Ilison, Maria Juks, Lea Lokko, Sverigeesternas ungdomsf\u00f6rbund\u00a0<\/span><\/p>\n<p><b>Paus 30 min<\/b><\/p>\n<h2><b>Del II<\/b><\/h2>\n<p><b>Inledningsord<\/b><b><br \/>\n<\/b><b> &#8211; <\/b><span style=\"font-weight: 400;\">Henri Ilison, Maria Juks, Lea Lokko, Sverigeesternas ungdomsf\u00f6rbund\u00a0<\/span><\/p>\n<p><b>Konsert: SIIRI SISASK<\/b><b><br \/>\n<\/b><b><br \/>\n<\/b><b>Den avslutande s\u00e5ngen \u201cVad \u00e4r det f\u00f6r ett land\u201d<\/b><span style=\"font-weight: 400;\"> musik Siiri Sisask, text Peeter Volkonski, arr T\u00f5nu K\u00f5rvits framf\u00f6rs tillsammans med Stockholms Estniska K\u00f6r och Stockholms Estniska Damk\u00f6r, piano Toomas Tuulse, elbas Rickard Malmsten, dirigent Jaan Seim\u00a0\u00a0<\/span><\/p>\n<p><b>Avslutningsord<\/b><b><br \/>\n<\/b><b> &#8211; <\/b><span style=\"font-weight: 400;\">Henri Ilison, Maria Juks, Lea Lokko, Sverigeesternas ungdomsf\u00f6rbund<\/span><\/p>\n<hr \/>\n<p data-start=\"1644\" data-end=\"2009\" data-is-last-node=\"\" data-is-only-node=\"\">\u00a0<\/p>\n","protected":false},"excerpt":{"rendered":"<p>I Stockholm firades Estlands sj\u00e4lvst\u00e4ndighetsdag i \u00e5r l\u00f6rdagen den 21 februari med en h\u00f6gtidlig konsertakt p\u00e5 Scalateatern. Kv\u00e4llen fortsatte med fest i Estniska Huset. Firandet av Estlands sj\u00e4lvst\u00e4ndighetsdag har alltid varit en h\u00f6gtidlig och meningsfull stund f\u00f6r ester, d\u00e5 man hedrar statens kontinuitet, spr\u00e5ket och kulturen. F\u00f6r ester bosatta i Sverige samt f\u00f6r v\u00e5ra svenska [&hellip;]<\/p>\n","protected":false},"author":1,"featured_media":2200,"comment_status":"open","ping_status":"open","sticky":false,"template":"","format":"standard","meta":{"footnotes":"","_links_to":"","_links_to_target":""},"categories":[42,30,48,27],"tags":[],"class_list":["post-2214","post","type-post","status-publish","format-standard","has-post-thumbnail","hentry","category-estlands-nationaldag","category-kultur","category-stor-berattelse","category-utvalda"],"yoast_head":"<!-- This site is optimized with the Yoast SEO plugin v23.9 - https:\/\/yoast.com\/wordpress\/plugins\/seo\/ -->\n<title>Estlands 108:e sj\u00e4lvst\u00e4ndighetsdag firades h\u00f6gtidligt i Stockholm p\u00e5 Scalateatern - Rahvuslik Kontakt<\/title>\n<meta name=\"robots\" content=\"index, follow, max-snippet:-1, max-image-preview:large, max-video-preview:-1\" \/>\n<link rel=\"canonical\" href=\"https:\/\/rahvuslikkontakt.se\/sv\/estlands-108e-sjalvstandighetsdag-firades-hogtidligt-i-stockholm-pa-scalateatern\/\" \/>\n<meta property=\"og:locale\" content=\"sv_SE\" \/>\n<meta property=\"og:type\" content=\"article\" \/>\n<meta property=\"og:title\" content=\"Estlands 108:e sj\u00e4lvst\u00e4ndighetsdag firades h\u00f6gtidligt i Stockholm p\u00e5 Scalateatern - Rahvuslik Kontakt\" \/>\n<meta property=\"og:description\" content=\"I Stockholm firades Estlands sj\u00e4lvst\u00e4ndighetsdag i \u00e5r l\u00f6rdagen den 21 februari med en h\u00f6gtidlig konsertakt p\u00e5 Scalateatern. Kv\u00e4llen fortsatte med fest i Estniska Huset. Firandet av Estlands sj\u00e4lvst\u00e4ndighetsdag har alltid varit en h\u00f6gtidlig och meningsfull stund f\u00f6r ester, d\u00e5 man hedrar statens kontinuitet, spr\u00e5ket och kulturen. F\u00f6r ester bosatta i Sverige samt f\u00f6r v\u00e5ra svenska [&hellip;]\" \/>\n<meta property=\"og:url\" content=\"https:\/\/rahvuslikkontakt.se\/sv\/estlands-108e-sjalvstandighetsdag-firades-hogtidligt-i-stockholm-pa-scalateatern\/\" \/>\n<meta property=\"og:site_name\" content=\"Rahvuslik Kontakt\" \/>\n<meta property=\"article:publisher\" content=\"https:\/\/www.facebook.com\/groups\/413926455353238\" \/>\n<meta property=\"article:published_time\" content=\"2026-03-06T17:47:31+00:00\" \/>\n<meta property=\"article:modified_time\" content=\"2026-03-07T11:35:23+00:00\" \/>\n<meta property=\"og:image\" content=\"https:\/\/rahvuslikkontakt.se\/wp-content\/uploads\/2026\/03\/IMG_4581-scaled.jpg\" \/>\n\t<meta property=\"og:image:width\" content=\"2560\" \/>\n\t<meta property=\"og:image:height\" content=\"1707\" \/>\n\t<meta property=\"og:image:type\" content=\"image\/jpeg\" \/>\n<meta name=\"author\" content=\"Spirited\" \/>\n<meta name=\"twitter:card\" content=\"summary_large_image\" \/>\n<meta name=\"twitter:creator\" content=\"@Sverigeesterna\" \/>\n<meta name=\"twitter:site\" content=\"@Sverigeesterna\" \/>\n<meta name=\"twitter:label1\" content=\"Skriven av\" \/>\n\t<meta name=\"twitter:data1\" content=\"Spirited\" \/>\n\t<meta name=\"twitter:label2\" content=\"Ber\u00e4knad l\u00e4stid\" \/>\n\t<meta name=\"twitter:data2\" content=\"7 minuter\" \/>\n<script type=\"application\/ld+json\" class=\"yoast-schema-graph\">{\"@context\":\"https:\/\/schema.org\",\"@graph\":[{\"@type\":\"Article\",\"@id\":\"https:\/\/rahvuslikkontakt.se\/sv\/estlands-108e-sjalvstandighetsdag-firades-hogtidligt-i-stockholm-pa-scalateatern\/#article\",\"isPartOf\":{\"@id\":\"https:\/\/rahvuslikkontakt.se\/sv\/estlands-108e-sjalvstandighetsdag-firades-hogtidligt-i-stockholm-pa-scalateatern\/\"},\"author\":{\"name\":\"Spirited\",\"@id\":\"https:\/\/rahvuslikkontakt.se\/#\/schema\/person\/bbe8716ce573d8188b927db0af94123b\"},\"headline\":\"Estlands 108:e sj\u00e4lvst\u00e4ndighetsdag firades h\u00f6gtidligt i Stockholm p\u00e5 Scalateatern\",\"datePublished\":\"2026-03-06T17:47:31+00:00\",\"dateModified\":\"2026-03-07T11:35:23+00:00\",\"mainEntityOfPage\":{\"@id\":\"https:\/\/rahvuslikkontakt.se\/sv\/estlands-108e-sjalvstandighetsdag-firades-hogtidligt-i-stockholm-pa-scalateatern\/\"},\"wordCount\":1482,\"commentCount\":0,\"publisher\":{\"@id\":\"https:\/\/rahvuslikkontakt.se\/#organization\"},\"image\":{\"@id\":\"https:\/\/rahvuslikkontakt.se\/sv\/estlands-108e-sjalvstandighetsdag-firades-hogtidligt-i-stockholm-pa-scalateatern\/#primaryimage\"},\"thumbnailUrl\":\"https:\/\/rahvuslikkontakt.se\/wp-content\/uploads\/2026\/03\/IMG_4581-scaled.jpg\",\"articleSection\":[\"Estlands nationaldag\",\"Kultur\",\"Stor ber\u00e4ttelse\",\"Utvalda\"],\"inLanguage\":\"sv-SE\",\"potentialAction\":[{\"@type\":\"CommentAction\",\"name\":\"Comment\",\"target\":[\"https:\/\/rahvuslikkontakt.se\/sv\/estlands-108e-sjalvstandighetsdag-firades-hogtidligt-i-stockholm-pa-scalateatern\/#respond\"]}]},{\"@type\":\"WebPage\",\"@id\":\"https:\/\/rahvuslikkontakt.se\/sv\/estlands-108e-sjalvstandighetsdag-firades-hogtidligt-i-stockholm-pa-scalateatern\/\",\"url\":\"https:\/\/rahvuslikkontakt.se\/sv\/estlands-108e-sjalvstandighetsdag-firades-hogtidligt-i-stockholm-pa-scalateatern\/\",\"name\":\"Estlands 108:e sj\u00e4lvst\u00e4ndighetsdag firades h\u00f6gtidligt i Stockholm p\u00e5 Scalateatern - Rahvuslik Kontakt\",\"isPartOf\":{\"@id\":\"https:\/\/rahvuslikkontakt.se\/#website\"},\"primaryImageOfPage\":{\"@id\":\"https:\/\/rahvuslikkontakt.se\/sv\/estlands-108e-sjalvstandighetsdag-firades-hogtidligt-i-stockholm-pa-scalateatern\/#primaryimage\"},\"image\":{\"@id\":\"https:\/\/rahvuslikkontakt.se\/sv\/estlands-108e-sjalvstandighetsdag-firades-hogtidligt-i-stockholm-pa-scalateatern\/#primaryimage\"},\"thumbnailUrl\":\"https:\/\/rahvuslikkontakt.se\/wp-content\/uploads\/2026\/03\/IMG_4581-scaled.jpg\",\"datePublished\":\"2026-03-06T17:47:31+00:00\",\"dateModified\":\"2026-03-07T11:35:23+00:00\",\"breadcrumb\":{\"@id\":\"https:\/\/rahvuslikkontakt.se\/sv\/estlands-108e-sjalvstandighetsdag-firades-hogtidligt-i-stockholm-pa-scalateatern\/#breadcrumb\"},\"inLanguage\":\"sv-SE\",\"potentialAction\":[{\"@type\":\"ReadAction\",\"target\":[\"https:\/\/rahvuslikkontakt.se\/sv\/estlands-108e-sjalvstandighetsdag-firades-hogtidligt-i-stockholm-pa-scalateatern\/\"]}]},{\"@type\":\"ImageObject\",\"inLanguage\":\"sv-SE\",\"@id\":\"https:\/\/rahvuslikkontakt.se\/sv\/estlands-108e-sjalvstandighetsdag-firades-hogtidligt-i-stockholm-pa-scalateatern\/#primaryimage\",\"url\":\"https:\/\/rahvuslikkontakt.se\/wp-content\/uploads\/2026\/03\/IMG_4581-scaled.jpg\",\"contentUrl\":\"https:\/\/rahvuslikkontakt.se\/wp-content\/uploads\/2026\/03\/IMG_4581-scaled.jpg\",\"width\":2560,\"height\":1707},{\"@type\":\"BreadcrumbList\",\"@id\":\"https:\/\/rahvuslikkontakt.se\/sv\/estlands-108e-sjalvstandighetsdag-firades-hogtidligt-i-stockholm-pa-scalateatern\/#breadcrumb\",\"itemListElement\":[{\"@type\":\"ListItem\",\"position\":1,\"name\":\"Home\",\"item\":\"https:\/\/rahvuslikkontakt.se\/sv\/\"},{\"@type\":\"ListItem\",\"position\":2,\"name\":\"Estlands 108:e sj\u00e4lvst\u00e4ndighetsdag firades h\u00f6gtidligt i Stockholm p\u00e5 Scalateatern\"}]},{\"@type\":\"WebSite\",\"@id\":\"https:\/\/rahvuslikkontakt.se\/#website\",\"url\":\"https:\/\/rahvuslikkontakt.se\/\",\"name\":\"Rahvuslik Kontakt\",\"description\":\"\",\"publisher\":{\"@id\":\"https:\/\/rahvuslikkontakt.se\/#organization\"},\"potentialAction\":[{\"@type\":\"SearchAction\",\"target\":{\"@type\":\"EntryPoint\",\"urlTemplate\":\"https:\/\/rahvuslikkontakt.se\/?s={search_term_string}\"},\"query-input\":{\"@type\":\"PropertyValueSpecification\",\"valueRequired\":true,\"valueName\":\"search_term_string\"}}],\"inLanguage\":\"sv-SE\"},{\"@type\":\"Organization\",\"@id\":\"https:\/\/rahvuslikkontakt.se\/#organization\",\"name\":\"Rahvuslik Kontakt\",\"url\":\"https:\/\/rahvuslikkontakt.se\/\",\"logo\":{\"@type\":\"ImageObject\",\"inLanguage\":\"sv-SE\",\"@id\":\"https:\/\/rahvuslikkontakt.se\/#\/schema\/logo\/image\/\",\"url\":\"https:\/\/rahvuslikkontakt.se\/wp-content\/uploads\/2023\/11\/Footer-logo.webp\",\"contentUrl\":\"https:\/\/rahvuslikkontakt.se\/wp-content\/uploads\/2023\/11\/Footer-logo.webp\",\"width\":1200,\"height\":300,\"caption\":\"Rahvuslik Kontakt\"},\"image\":{\"@id\":\"https:\/\/rahvuslikkontakt.se\/#\/schema\/logo\/image\/\"},\"sameAs\":[\"https:\/\/www.facebook.com\/groups\/413926455353238\",\"https:\/\/x.com\/Sverigeesterna\",\"https:\/\/www.instagram.com\/sverigeesterna\/\",\"https:\/\/www.youtube.com\/channel\/UCrx0OUO2vQAEvysvMrwq5xQ\"]},{\"@type\":\"Person\",\"@id\":\"https:\/\/rahvuslikkontakt.se\/#\/schema\/person\/bbe8716ce573d8188b927db0af94123b\",\"name\":\"Spirited\",\"image\":{\"@type\":\"ImageObject\",\"inLanguage\":\"sv-SE\",\"@id\":\"https:\/\/rahvuslikkontakt.se\/#\/schema\/person\/image\/\",\"url\":\"https:\/\/secure.gravatar.com\/avatar\/cdaa8b7df814180be6f2d094d6831427afb3ffe9161163deaf974cb1f258df6d?s=96&d=mm&r=g\",\"contentUrl\":\"https:\/\/secure.gravatar.com\/avatar\/cdaa8b7df814180be6f2d094d6831427afb3ffe9161163deaf974cb1f258df6d?s=96&d=mm&r=g\",\"caption\":\"Spirited\"},\"sameAs\":[\"https:\/\/rahvuslikkontakt.se\"],\"url\":\"https:\/\/rahvuslikkontakt.se\/sv\/author\/spirited\/\"}]}<\/script>\n<!-- \/ Yoast SEO plugin. -->","yoast_head_json":{"title":"Estlands 108:e sj\u00e4lvst\u00e4ndighetsdag firades h\u00f6gtidligt i Stockholm p\u00e5 Scalateatern - Rahvuslik Kontakt","robots":{"index":"index","follow":"follow","max-snippet":"max-snippet:-1","max-image-preview":"max-image-preview:large","max-video-preview":"max-video-preview:-1"},"canonical":"https:\/\/rahvuslikkontakt.se\/sv\/estlands-108e-sjalvstandighetsdag-firades-hogtidligt-i-stockholm-pa-scalateatern\/","og_locale":"sv_SE","og_type":"article","og_title":"Estlands 108:e sj\u00e4lvst\u00e4ndighetsdag firades h\u00f6gtidligt i Stockholm p\u00e5 Scalateatern - Rahvuslik Kontakt","og_description":"I Stockholm firades Estlands sj\u00e4lvst\u00e4ndighetsdag i \u00e5r l\u00f6rdagen den 21 februari med en h\u00f6gtidlig konsertakt p\u00e5 Scalateatern. Kv\u00e4llen fortsatte med fest i Estniska Huset. Firandet av Estlands sj\u00e4lvst\u00e4ndighetsdag har alltid varit en h\u00f6gtidlig och meningsfull stund f\u00f6r ester, d\u00e5 man hedrar statens kontinuitet, spr\u00e5ket och kulturen. F\u00f6r ester bosatta i Sverige samt f\u00f6r v\u00e5ra svenska [&hellip;]","og_url":"https:\/\/rahvuslikkontakt.se\/sv\/estlands-108e-sjalvstandighetsdag-firades-hogtidligt-i-stockholm-pa-scalateatern\/","og_site_name":"Rahvuslik Kontakt","article_publisher":"https:\/\/www.facebook.com\/groups\/413926455353238","article_published_time":"2026-03-06T17:47:31+00:00","article_modified_time":"2026-03-07T11:35:23+00:00","og_image":[{"width":2560,"height":1707,"url":"https:\/\/rahvuslikkontakt.se\/wp-content\/uploads\/2026\/03\/IMG_4581-scaled.jpg","type":"image\/jpeg"}],"author":"Spirited","twitter_card":"summary_large_image","twitter_creator":"@Sverigeesterna","twitter_site":"@Sverigeesterna","twitter_misc":{"Skriven av":"Spirited","Ber\u00e4knad l\u00e4stid":"7 minuter"},"schema":{"@context":"https:\/\/schema.org","@graph":[{"@type":"Article","@id":"https:\/\/rahvuslikkontakt.se\/sv\/estlands-108e-sjalvstandighetsdag-firades-hogtidligt-i-stockholm-pa-scalateatern\/#article","isPartOf":{"@id":"https:\/\/rahvuslikkontakt.se\/sv\/estlands-108e-sjalvstandighetsdag-firades-hogtidligt-i-stockholm-pa-scalateatern\/"},"author":{"name":"Spirited","@id":"https:\/\/rahvuslikkontakt.se\/#\/schema\/person\/bbe8716ce573d8188b927db0af94123b"},"headline":"Estlands 108:e sj\u00e4lvst\u00e4ndighetsdag firades h\u00f6gtidligt i Stockholm p\u00e5 Scalateatern","datePublished":"2026-03-06T17:47:31+00:00","dateModified":"2026-03-07T11:35:23+00:00","mainEntityOfPage":{"@id":"https:\/\/rahvuslikkontakt.se\/sv\/estlands-108e-sjalvstandighetsdag-firades-hogtidligt-i-stockholm-pa-scalateatern\/"},"wordCount":1482,"commentCount":0,"publisher":{"@id":"https:\/\/rahvuslikkontakt.se\/#organization"},"image":{"@id":"https:\/\/rahvuslikkontakt.se\/sv\/estlands-108e-sjalvstandighetsdag-firades-hogtidligt-i-stockholm-pa-scalateatern\/#primaryimage"},"thumbnailUrl":"https:\/\/rahvuslikkontakt.se\/wp-content\/uploads\/2026\/03\/IMG_4581-scaled.jpg","articleSection":["Estlands nationaldag","Kultur","Stor ber\u00e4ttelse","Utvalda"],"inLanguage":"sv-SE","potentialAction":[{"@type":"CommentAction","name":"Comment","target":["https:\/\/rahvuslikkontakt.se\/sv\/estlands-108e-sjalvstandighetsdag-firades-hogtidligt-i-stockholm-pa-scalateatern\/#respond"]}]},{"@type":"WebPage","@id":"https:\/\/rahvuslikkontakt.se\/sv\/estlands-108e-sjalvstandighetsdag-firades-hogtidligt-i-stockholm-pa-scalateatern\/","url":"https:\/\/rahvuslikkontakt.se\/sv\/estlands-108e-sjalvstandighetsdag-firades-hogtidligt-i-stockholm-pa-scalateatern\/","name":"Estlands 108:e sj\u00e4lvst\u00e4ndighetsdag firades h\u00f6gtidligt i Stockholm p\u00e5 Scalateatern - Rahvuslik Kontakt","isPartOf":{"@id":"https:\/\/rahvuslikkontakt.se\/#website"},"primaryImageOfPage":{"@id":"https:\/\/rahvuslikkontakt.se\/sv\/estlands-108e-sjalvstandighetsdag-firades-hogtidligt-i-stockholm-pa-scalateatern\/#primaryimage"},"image":{"@id":"https:\/\/rahvuslikkontakt.se\/sv\/estlands-108e-sjalvstandighetsdag-firades-hogtidligt-i-stockholm-pa-scalateatern\/#primaryimage"},"thumbnailUrl":"https:\/\/rahvuslikkontakt.se\/wp-content\/uploads\/2026\/03\/IMG_4581-scaled.jpg","datePublished":"2026-03-06T17:47:31+00:00","dateModified":"2026-03-07T11:35:23+00:00","breadcrumb":{"@id":"https:\/\/rahvuslikkontakt.se\/sv\/estlands-108e-sjalvstandighetsdag-firades-hogtidligt-i-stockholm-pa-scalateatern\/#breadcrumb"},"inLanguage":"sv-SE","potentialAction":[{"@type":"ReadAction","target":["https:\/\/rahvuslikkontakt.se\/sv\/estlands-108e-sjalvstandighetsdag-firades-hogtidligt-i-stockholm-pa-scalateatern\/"]}]},{"@type":"ImageObject","inLanguage":"sv-SE","@id":"https:\/\/rahvuslikkontakt.se\/sv\/estlands-108e-sjalvstandighetsdag-firades-hogtidligt-i-stockholm-pa-scalateatern\/#primaryimage","url":"https:\/\/rahvuslikkontakt.se\/wp-content\/uploads\/2026\/03\/IMG_4581-scaled.jpg","contentUrl":"https:\/\/rahvuslikkontakt.se\/wp-content\/uploads\/2026\/03\/IMG_4581-scaled.jpg","width":2560,"height":1707},{"@type":"BreadcrumbList","@id":"https:\/\/rahvuslikkontakt.se\/sv\/estlands-108e-sjalvstandighetsdag-firades-hogtidligt-i-stockholm-pa-scalateatern\/#breadcrumb","itemListElement":[{"@type":"ListItem","position":1,"name":"Home","item":"https:\/\/rahvuslikkontakt.se\/sv\/"},{"@type":"ListItem","position":2,"name":"Estlands 108:e sj\u00e4lvst\u00e4ndighetsdag firades h\u00f6gtidligt i Stockholm p\u00e5 Scalateatern"}]},{"@type":"WebSite","@id":"https:\/\/rahvuslikkontakt.se\/#website","url":"https:\/\/rahvuslikkontakt.se\/","name":"Rahvuslik Kontakt","description":"","publisher":{"@id":"https:\/\/rahvuslikkontakt.se\/#organization"},"potentialAction":[{"@type":"SearchAction","target":{"@type":"EntryPoint","urlTemplate":"https:\/\/rahvuslikkontakt.se\/?s={search_term_string}"},"query-input":{"@type":"PropertyValueSpecification","valueRequired":true,"valueName":"search_term_string"}}],"inLanguage":"sv-SE"},{"@type":"Organization","@id":"https:\/\/rahvuslikkontakt.se\/#organization","name":"Rahvuslik Kontakt","url":"https:\/\/rahvuslikkontakt.se\/","logo":{"@type":"ImageObject","inLanguage":"sv-SE","@id":"https:\/\/rahvuslikkontakt.se\/#\/schema\/logo\/image\/","url":"https:\/\/rahvuslikkontakt.se\/wp-content\/uploads\/2023\/11\/Footer-logo.webp","contentUrl":"https:\/\/rahvuslikkontakt.se\/wp-content\/uploads\/2023\/11\/Footer-logo.webp","width":1200,"height":300,"caption":"Rahvuslik Kontakt"},"image":{"@id":"https:\/\/rahvuslikkontakt.se\/#\/schema\/logo\/image\/"},"sameAs":["https:\/\/www.facebook.com\/groups\/413926455353238","https:\/\/x.com\/Sverigeesterna","https:\/\/www.instagram.com\/sverigeesterna\/","https:\/\/www.youtube.com\/channel\/UCrx0OUO2vQAEvysvMrwq5xQ"]},{"@type":"Person","@id":"https:\/\/rahvuslikkontakt.se\/#\/schema\/person\/bbe8716ce573d8188b927db0af94123b","name":"Spirited","image":{"@type":"ImageObject","inLanguage":"sv-SE","@id":"https:\/\/rahvuslikkontakt.se\/#\/schema\/person\/image\/","url":"https:\/\/secure.gravatar.com\/avatar\/cdaa8b7df814180be6f2d094d6831427afb3ffe9161163deaf974cb1f258df6d?s=96&d=mm&r=g","contentUrl":"https:\/\/secure.gravatar.com\/avatar\/cdaa8b7df814180be6f2d094d6831427afb3ffe9161163deaf974cb1f258df6d?s=96&d=mm&r=g","caption":"Spirited"},"sameAs":["https:\/\/rahvuslikkontakt.se"],"url":"https:\/\/rahvuslikkontakt.se\/sv\/author\/spirited\/"}]}},"_links":{"self":[{"href":"https:\/\/rahvuslikkontakt.se\/sv\/wp-json\/wp\/v2\/posts\/2214","targetHints":{"allow":["GET"]}}],"collection":[{"href":"https:\/\/rahvuslikkontakt.se\/sv\/wp-json\/wp\/v2\/posts"}],"about":[{"href":"https:\/\/rahvuslikkontakt.se\/sv\/wp-json\/wp\/v2\/types\/post"}],"author":[{"embeddable":true,"href":"https:\/\/rahvuslikkontakt.se\/sv\/wp-json\/wp\/v2\/users\/1"}],"replies":[{"embeddable":true,"href":"https:\/\/rahvuslikkontakt.se\/sv\/wp-json\/wp\/v2\/comments?post=2214"}],"version-history":[{"count":4,"href":"https:\/\/rahvuslikkontakt.se\/sv\/wp-json\/wp\/v2\/posts\/2214\/revisions"}],"predecessor-version":[{"id":2220,"href":"https:\/\/rahvuslikkontakt.se\/sv\/wp-json\/wp\/v2\/posts\/2214\/revisions\/2220"}],"wp:featuredmedia":[{"embeddable":true,"href":"https:\/\/rahvuslikkontakt.se\/sv\/wp-json\/wp\/v2\/media\/2200"}],"wp:attachment":[{"href":"https:\/\/rahvuslikkontakt.se\/sv\/wp-json\/wp\/v2\/media?parent=2214"}],"wp:term":[{"taxonomy":"category","embeddable":true,"href":"https:\/\/rahvuslikkontakt.se\/sv\/wp-json\/wp\/v2\/categories?post=2214"},{"taxonomy":"post_tag","embeddable":true,"href":"https:\/\/rahvuslikkontakt.se\/sv\/wp-json\/wp\/v2\/tags?post=2214"}],"curies":[{"name":"wp","href":"https:\/\/api.w.org\/{rel}","templated":true}]}}